{"id":8244,"date":"2015-08-21T15:08:15","date_gmt":"2015-08-21T19:08:15","guid":{"rendered":"https:\/\/ocorreionews.com.br\/?p=8244"},"modified":"2015-08-21T15:24:25","modified_gmt":"2015-08-21T19:24:25","slug":"desfile-civico-comemorou-os-33-anos-de-chapadao-do-ceu","status":"publish","type":"post","link":"https:\/\/www.ocorreionews.com.br\/acervo-correio\/?p=8244","title":{"rendered":"Desfile c\u00edvico comemorou os 33 anos de Chapad\u00e3o do C\u00e9u"},"content":{"rendered":"<p style=\"text-align: justify;\">Chapad\u00e3o do C\u00e9u comemorou neste dia 21, \u00a033 anos de sua emancipa\u00e7\u00e3o. A administra\u00e7\u00e3o municipal realizou nesta manh\u00e3 um desfile c\u00edvico com a participa\u00e7\u00e3o dos alunos, empresas e clubes esportivos da cidade.<\/p>\n<p style=\"text-align: justify;\">O Prefeito Rog\u00e9rio Graxa e o vice Cid\u00e3o, ao lado dos secret\u00e1rios municipais, vereadores recepcionaram, as autoridades visitantes. O governador do estado esteve representado pela Deputada Cilene Guimar\u00e3es.<\/p>\n<p style=\"text-align: justify;\">O desfile teve o tema \u201cNo Caminho do Desenvolvimento Sustent\u00e1vel\u201d. Com esse tema, as escolas desfilaram na avenida, apresentando as suas conquistas e inova\u00e7\u00f5es.<\/p>\n<p style=\"text-align: justify;\"><span style=\"color: #333399;\"><strong><a style=\"color: #333399;\" href=\"http:\/\/www.chapadaodoceu.go.gov.br\/galeria-de-fotos\/2015\/08\/21\/desfile-do-aniversario-parte-01\">VEJA GALERIA DE FOTOS 01<\/a><\/strong><\/span><\/p>\n<p style=\"text-align: justify;\"><span style=\"color: #000080;\"><strong><a style=\"color: #000080;\" href=\"http:\/\/www.chapadaodoceu.go.gov.br\/galeria-de-fotos\/2015\/08\/21\/desfile-do-aniversario-parte-02\">VEJA GALERIA DE FOTOS 02<\/a><\/strong><\/span><\/p>\n<p style=\"text-align: justify;\">O Prefeito Rog\u00e9rio Graxa, agradeceu a presen\u00e7a de todos, parabenizou as diretoras, professoras, alunas, que foram os respons\u00e1veis pela a beleza do desfile. Lembrou que faz exatamente, 33 anos que ele est\u00e1 no munic\u00edpio. \u00a0Falou que todas as conquistas realizadas em sua administra\u00e7\u00e3o \u00e9 um trabalho em conjunto com, a popula\u00e7\u00e3o, vereadores, produtores e governos. Falou das suas obras na cidade, na sa\u00fade, seguran\u00e7a, educa\u00e7\u00e3o e infraestrutura, como solucionou de vez o problema da falta de agua no munic\u00edpio, com a constri\u00e7\u00e3o de 06 po\u00e7os artesianos, deixou a cidade dom 97% com rede de esgoto, reformas em escolas, constru\u00e7\u00e3o da creche nova, constru\u00e7\u00e3o de novas salas de aulas, recapeamento das ruas do centro da cidade, manuten\u00e7\u00e3o das estradas rurais, conseguiu junto ao governo o asfalto da GO 206 e a constru\u00e7\u00e3o de duas UBS\/ESF, uma que foi inaugurada neste dia 20 e a outra prevista para Abril de 2016.<\/p>\n<p style=\"text-align: justify;\"><strong>Asfalto<\/strong><\/p>\n<p style=\"text-align: justify;\">Sobre os asfaltos, o prefeito afirmou que j\u00e1 entregou o asfalto da Rua Figueira no Ragagnin e est\u00e1 conclu\u00eddo neste dia 21, dia do anivers\u00e1rio do munic\u00edpio, 1,1 mil (um mil e cem metros) de asfalto da GO 206 no sentido parque das Emas em parceria com a Usina Cerradinho-Bio.<\/p>\n<p style=\"text-align: justify;\">No bairro Acalanto est\u00e1 sendo investido mais de R$ 1 milh\u00e3o de reais em asfalto.<\/p>\n<p style=\"text-align: justify;\">O Prefeito aproveitou a oportunidade, para comunicar o asfalto para os bairros, vale dos Ip\u00eas e Morada Nova e nas ruas pr\u00f3ximas ao novo ESF do Ragagnin.<\/p>\n<p style=\"text-align: justify;\">\u201cN\u00e3o \u00e9 s\u00f3 fazer asfalto que \u00e9 obra. A maior obra que fazemos \u00e9 cuidar do bem estar social de cada, atrav\u00e9s da Educa\u00e7\u00e3o, Sa\u00fade e Seguran\u00e7a, isso tamb\u00e9m \u00e9 obras\u201d afirmou o prefeito.<\/p>\n","protected":false},"excerpt":{"rendered":"<p>Chapad\u00e3o do C\u00e9u comemorou neste dia 21, \u00a033 anos de sua emancipa\u00e7\u00e3o. A administra\u00e7\u00e3o municipal realizou nesta manh\u00e3 um desfile c\u00edvico com a participa\u00e7\u00e3o dos alunos, empresas e clubes esportivos da cidade. O Prefeito Rog\u00e9rio Graxa e o vice Cid\u00e3o, ao lado dos secret\u00e1rios municipais, vereadores recepcionaram, as autoridades visitantes. O governador do estado esteve [&hellip;]<\/p>\n","protected":false},"author":4,"featured_media":8245,"comment_status":"closed","ping_status":"closed","sticky":false,"template":"","format":"standard","meta":{"footnotes":""},"categories":[22],"tags":[],"class_list":["post-8244","post","type-post","status-publish","format-standard","has-post-thumbnail","hentry","category-chapadao-do-ceu"],"_links":{"self":[{"href":"https:\/\/www.ocorreionews.com.br\/acervo-correio\/index.php?rest_route=\/wp\/v2\/posts\/8244","targetHints":{"allow":["GET"]}}],"collection":[{"href":"https:\/\/www.ocorreionews.com.br\/acervo-correio\/index.php?rest_route=\/wp\/v2\/posts"}],"about":[{"href":"https:\/\/www.ocorreionews.com.br\/acervo-correio\/index.php?rest_route=\/wp\/v2\/types\/post"}],"author":[{"embeddable":true,"href":"https:\/\/www.ocorreionews.com.br\/acervo-correio\/index.php?rest_route=\/wp\/v2\/users\/4"}],"replies":[{"embeddable":true,"href":"https:\/\/www.ocorreionews.com.br\/acervo-correio\/index.php?rest_route=%2Fwp%2Fv2%2Fcomments&post=8244"}],"version-history":[{"count":0,"href":"https:\/\/www.ocorreionews.com.br\/acervo-correio\/index.php?rest_route=\/wp\/v2\/posts\/8244\/revisions"}],"wp:featuredmedia":[{"embeddable":true,"href":"https:\/\/www.ocorreionews.com.br\/acervo-correio\/index.php?rest_route=\/wp\/v2\/media\/8245"}],"wp:attachment":[{"href":"https:\/\/www.ocorreionews.com.br\/acervo-correio\/index.php?rest_route=%2Fwp%2Fv2%2Fmedia&parent=8244"}],"wp:term":[{"taxonomy":"category","embeddable":true,"href":"https:\/\/www.ocorreionews.com.br\/acervo-correio\/index.php?rest_route=%2Fwp%2Fv2%2Fcategories&post=8244"},{"taxonomy":"post_tag","embeddable":true,"href":"https:\/\/www.ocorreionews.com.br\/acervo-correio\/index.php?rest_route=%2Fwp%2Fv2%2Ftags&post=8244"}],"curies":[{"name":"wp","href":"https:\/\/api.w.org\/{rel}","templated":true}]}}