{"id":8498,"date":"2015-08-24T09:36:35","date_gmt":"2015-08-24T13:36:35","guid":{"rendered":"https:\/\/ocorreionews.com.br\/?p=8498"},"modified":"2015-08-24T09:36:35","modified_gmt":"2015-08-24T13:36:35","slug":"jovem-de-28-anos-morre-em-grave-acidente-na-go-174-em-rio-verde-go","status":"publish","type":"post","link":"https:\/\/www.ocorreionews.com.br\/acervo-correio\/?p=8498","title":{"rendered":"Jovem de 28 anos morre em grave acidente na GO-174 em Rio Verde \u2013 GO"},"content":{"rendered":"<blockquote>\n<p style=\"text-align: justify;\"><strong><em>A v\u00edtima participava de uma festa quando resolveu voltar \u00e0 Rio Verde par buscar um capacete. Ao retornar, o mesmo saiu de pista e caiu da motocicleta.<\/em><\/strong><\/p>\n<\/blockquote>\n<p style=\"text-align: justify;\">O fato ocorreu na madrugada deste Domingo, 23, nas proximidades do Posto Recanto, em <strong>Rio Verde<\/strong>, no Sudoeste Goiano.<\/p>\n<p style=\"text-align: justify;\">Trata-se de Edmilson Ferreira, 28 anos, morador no Jardim Am\u00e9rica, na mesma Cidade.<\/p>\n<p style=\"text-align: justify;\"><a href=\"http:\/\/plantaojti.com.br\/wp-content\/uploads\/2015\/08\/IMG-20150823-WA0417.jpg\" rel=\"lightbox-0\"><img loading=\"lazy\" decoding=\"async\" class=\"alignleft wp-image-38851 \" src=\"http:\/\/plantaojti.com.br\/wp-content\/uploads\/2015\/08\/IMG-20150823-WA0417-300x202.jpg\" alt=\"IMG-20150823-WA0417\" width=\"248\" height=\"167\" \/><\/a>De acordo com as informa\u00e7\u00f5es, Edmilson participava de uma festa no \u201cClube dos Trinta\u201d, quando resolver voltar a Rio Verde com o objetivo de buscar um capacete.<\/p>\n<p style=\"text-align: justify;\">Consta nas informa\u00e7\u00f5es, que no momento em que ele retornava para a festa e, ao passar pelo Posto recanto, j\u00e1 na GO-174, o mesmo perdeu o controle do ve\u00edculo, saiu de pista e bateu a cabe\u00e7a.<\/p>\n<p style=\"text-align: justify;\">Edmilson Ferreira era bastante conhecido na cidade e logo, homenagens e postagens de amigos tomaram conta das Redes Sociais<\/p>\n","protected":false},"excerpt":{"rendered":"<p>A v\u00edtima participava de uma festa quando resolveu voltar \u00e0 Rio Verde par buscar um capacete. Ao retornar, o mesmo saiu de pista e caiu da motocicleta. O fato ocorreu na madrugada deste Domingo, 23, nas proximidades do Posto Recanto, em Rio Verde, no Sudoeste Goiano. Trata-se de Edmilson Ferreira, 28 anos, morador no Jardim [&hellip;]<\/p>\n","protected":false},"author":4,"featured_media":8499,"comment_status":"closed","ping_status":"closed","sticky":false,"template":"","format":"standard","meta":{"footnotes":""},"categories":[38],"tags":[],"class_list":["post-8498","post","type-post","status-publish","format-standard","has-post-thumbnail","hentry","category-policia"],"_links":{"self":[{"href":"https:\/\/www.ocorreionews.com.br\/acervo-correio\/index.php?rest_route=\/wp\/v2\/posts\/8498","targetHints":{"allow":["GET"]}}],"collection":[{"href":"https:\/\/www.ocorreionews.com.br\/acervo-correio\/index.php?rest_route=\/wp\/v2\/posts"}],"about":[{"href":"https:\/\/www.ocorreionews.com.br\/acervo-correio\/index.php?rest_route=\/wp\/v2\/types\/post"}],"author":[{"embeddable":true,"href":"https:\/\/www.ocorreionews.com.br\/acervo-correio\/index.php?rest_route=\/wp\/v2\/users\/4"}],"replies":[{"embeddable":true,"href":"https:\/\/www.ocorreionews.com.br\/acervo-correio\/index.php?rest_route=%2Fwp%2Fv2%2Fcomments&post=8498"}],"version-history":[{"count":0,"href":"https:\/\/www.ocorreionews.com.br\/acervo-correio\/index.php?rest_route=\/wp\/v2\/posts\/8498\/revisions"}],"wp:featuredmedia":[{"embeddable":true,"href":"https:\/\/www.ocorreionews.com.br\/acervo-correio\/index.php?rest_route=\/wp\/v2\/media\/8499"}],"wp:attachment":[{"href":"https:\/\/www.ocorreionews.com.br\/acervo-correio\/index.php?rest_route=%2Fwp%2Fv2%2Fmedia&parent=8498"}],"wp:term":[{"taxonomy":"category","embeddable":true,"href":"https:\/\/www.ocorreionews.com.br\/acervo-correio\/index.php?rest_route=%2Fwp%2Fv2%2Fcategories&post=8498"},{"taxonomy":"post_tag","embeddable":true,"href":"https:\/\/www.ocorreionews.com.br\/acervo-correio\/index.php?rest_route=%2Fwp%2Fv2%2Ftags&post=8498"}],"curies":[{"name":"wp","href":"https:\/\/api.w.org\/{rel}","templated":true}]}}