{"id":8502,"date":"2015-08-24T09:38:49","date_gmt":"2015-08-24T13:38:49","guid":{"rendered":"https:\/\/ocorreionews.com.br\/?p=8502"},"modified":"2015-08-24T09:38:49","modified_gmt":"2015-08-24T13:38:49","slug":"mais-um-drama-na-musica-sertaneja-gino-esta-internado-em-estado-grave","status":"publish","type":"post","link":"https:\/\/www.ocorreionews.com.br\/acervo-correio\/?p=8502","title":{"rendered":"Mais um drama na musica sertaneja: Gino esta internado em estado Grave"},"content":{"rendered":"<p>A assessoria de imprensa da dupla informou que ele passou por uma interven\u00e7\u00e3o m\u00e9dica de alto risco\u00a0 na \u00faltima quinta-feira (20) no Hospital S\u00edrio Liban\u00eas em S\u00e3o Paulo. Orienta\u00e7\u00f5es m\u00e9dicas recomendaram que o cantor mantivesse repouso at\u00e9 o m\u00eas de setembro. Agenda de shows ser\u00e1 revista pela dupla.<\/p>\n<p>O hospital n\u00e3o deu previs\u00f5es sobre a divulga\u00e7\u00e3o de um novo boletim m\u00e9dico sobre o estado de sa\u00fade do cantor.<\/p>\n<p>Em junho de 2012, o cantor Gino foi diagnosticado com c\u00e2ncer no intestino grosso.<\/p>\n<p>A produ\u00e7\u00e3o da dupla Gino e Geno informou que foram cancelados os seguintes shows.<\/p>\n<p>Foram cancelados tamb\u00e9m os shows em Barretos (SP) na ter\u00e7a-feira (25), Gameleira (GO) na quinta-feira (27) e Corumba\u00edba (GO) na sexta-feira (28).<\/p>\n<p>Em setembro as apresenta\u00e7\u00f5es em Bom Despacho (MG) no dia 3, Sidrol\u00e2ndia (MS) no dia 5 e Muria\u00e9 (MG) no dia 6 tamb\u00e9m n\u00e3o ocorrer\u00e3o.<\/p>\n<p>Gino n\u00e3o tem previs\u00e3o de alta, e nem previs\u00e3o de retorno aos palcos.<\/p>\n<p>Nota postada no site da dupla:<\/p>\n","protected":false},"excerpt":{"rendered":"<p>A assessoria de imprensa da dupla informou que ele passou por uma interven\u00e7\u00e3o m\u00e9dica de alto risco\u00a0 na \u00faltima quinta-feira (20) no Hospital S\u00edrio Liban\u00eas em S\u00e3o Paulo. Orienta\u00e7\u00f5es m\u00e9dicas recomendaram que o cantor mantivesse repouso at\u00e9 o m\u00eas de setembro. Agenda de shows ser\u00e1 revista pela dupla. O hospital n\u00e3o deu previs\u00f5es sobre a [&hellip;]<\/p>\n","protected":false},"author":4,"featured_media":8503,"comment_status":"closed","ping_status":"closed","sticky":false,"template":"","format":"standard","meta":{"footnotes":""},"categories":[31],"tags":[],"class_list":["post-8502","post","type-post","status-publish","format-standard","has-post-thumbnail","hentry","category-geral"],"_links":{"self":[{"href":"https:\/\/www.ocorreionews.com.br\/acervo-correio\/index.php?rest_route=\/wp\/v2\/posts\/8502","targetHints":{"allow":["GET"]}}],"collection":[{"href":"https:\/\/www.ocorreionews.com.br\/acervo-correio\/index.php?rest_route=\/wp\/v2\/posts"}],"about":[{"href":"https:\/\/www.ocorreionews.com.br\/acervo-correio\/index.php?rest_route=\/wp\/v2\/types\/post"}],"author":[{"embeddable":true,"href":"https:\/\/www.ocorreionews.com.br\/acervo-correio\/index.php?rest_route=\/wp\/v2\/users\/4"}],"replies":[{"embeddable":true,"href":"https:\/\/www.ocorreionews.com.br\/acervo-correio\/index.php?rest_route=%2Fwp%2Fv2%2Fcomments&post=8502"}],"version-history":[{"count":0,"href":"https:\/\/www.ocorreionews.com.br\/acervo-correio\/index.php?rest_route=\/wp\/v2\/posts\/8502\/revisions"}],"wp:featuredmedia":[{"embeddable":true,"href":"https:\/\/www.ocorreionews.com.br\/acervo-correio\/index.php?rest_route=\/wp\/v2\/media\/8503"}],"wp:attachment":[{"href":"https:\/\/www.ocorreionews.com.br\/acervo-correio\/index.php?rest_route=%2Fwp%2Fv2%2Fmedia&parent=8502"}],"wp:term":[{"taxonomy":"category","embeddable":true,"href":"https:\/\/www.ocorreionews.com.br\/acervo-correio\/index.php?rest_route=%2Fwp%2Fv2%2Fcategories&post=8502"},{"taxonomy":"post_tag","embeddable":true,"href":"https:\/\/www.ocorreionews.com.br\/acervo-correio\/index.php?rest_route=%2Fwp%2Fv2%2Ftags&post=8502"}],"curies":[{"name":"wp","href":"https:\/\/api.w.org\/{rel}","templated":true}]}}