{"id":8510,"date":"2015-08-24T09:50:37","date_gmt":"2015-08-24T13:50:37","guid":{"rendered":"https:\/\/ocorreionews.com.br\/?p=8510"},"modified":"2015-08-24T09:50:37","modified_gmt":"2015-08-24T13:50:37","slug":"emprego-09-vagas-abertas-em-usina-de-chapadao-do-sul","status":"publish","type":"post","link":"https:\/\/www.ocorreionews.com.br\/acervo-correio\/?p=8510","title":{"rendered":"Emprego: 09 vagas abertas em usina de Chapad\u00e3o do Sul"},"content":{"rendered":"<div class=\"div-texto\">\n<div class=\"div-foto\"><a class=\"fancy\" href=\"http:\/\/www.chapadaodosul.ms.gov.br\/admin\/arquivos\/images\/f-1440419719.jpg\"><img decoding=\"async\" src=\"http:\/\/www.chapadaodosul.ms.gov.br\/admin\/lib\/image_layout.php?img=..\/arquivos\/images\/1440419719.jpg&amp;largura=300\" alt=\"\" width=\"300\" \/><\/a><\/div>\n<p>Se voc\u00ea est\u00e1 procurando emprego, ou busca uma nova oportunidade na carreira, deve ficar atento as novas vagas abertas pela empresa IACO Agr\u00edcola.<\/p>\n<p>As vagas s\u00e3o para Chapad\u00e3o do Sul e toda a regi\u00e3o.<\/p>\n<p>&nbsp;<\/p>\n<p><strong>&#8212;&#8212;&#8212;&#8212;&#8212;&#8212;&#8212;&#8211; AGR\u00cdCOLA &#8212;&#8212;&#8212;&#8212;&#8212;&#8212;&#8212;<\/strong><\/p>\n<p>&nbsp;<\/p>\n<p><strong>Borracheiro\u00a0\u00a0\u00a0\u00a0 (01 vaga)<\/strong><\/p>\n<p>\u2022\u00a0\u00a0\u00a0\u00a0\u00a0\u00a0\u00a0\u00a0\u00a0\u00a0\u00a0\u00a0 Ensino Fundamental Completo<\/p>\n<p>\u2022\u00a0\u00a0\u00a0\u00a0\u00a0\u00a0\u00a0\u00a0\u00a0\u00a0\u00a0\u00a0 Com Experi\u00eancia na Fun\u00e7\u00e3o<\/p>\n<p>&nbsp;<\/p>\n<p><strong>&#8212;&#8212;&#8212;&#8212;&#8212;&#8212;&#8212;&#8212;&#8212;-IND\u00daSTRIA&#8212;&#8212;&#8212;&#8212;&#8212;&#8212;&#8212;&#8212;&#8212;-<\/strong><\/p>\n<p>&nbsp;<\/p>\n<p><strong>T\u00e9cnico em An\u00e1lise de Vibra\u00e7\u00e3o (01 Vaga)<\/strong><\/p>\n<p>\u2022\u00a0\u00a0\u00a0\u00a0\u00a0\u00a0\u00a0\u00a0\u00a0\u00a0\u00a0\u00a0 Conhecimento em An\u00e1lise de Vibra\u00e7\u00e3o<\/p>\n<p>\u2022\u00a0\u00a0\u00a0\u00a0\u00a0\u00a0\u00a0\u00a0\u00a0\u00a0\u00a0\u00a0 Com Experi\u00eancia na Fun\u00e7\u00e3o<\/p>\n<p>&nbsp;<\/p>\n<p><strong>Operador de Processo \u2013 Caldeira (02 vagas)<\/strong><\/p>\n<p>\u2022\u00a0\u00a0\u00a0\u00a0\u00a0\u00a0\u00a0\u00a0\u00a0\u00a0\u00a0\u00a0 Ensino Fundamental Completo<\/p>\n<p>\u2022\u00a0\u00a0\u00a0\u00a0\u00a0\u00a0\u00a0\u00a0\u00a0\u00a0\u00a0\u00a0 Desej\u00e1vel Experi\u00eancia na Fun\u00e7\u00e3o<\/p>\n<p>&nbsp;<\/p>\n<p>&nbsp;<\/p>\n<p><strong>Instrumentista (02 vagas)<\/strong><\/p>\n<p>\u2022\u00a0\u00a0\u00a0\u00a0\u00a0\u00a0\u00a0\u00a0\u00a0\u00a0\u00a0\u00a0 Forma\u00e7\u00e3o em: T\u00e9cnico em Automa\u00e7\u00e3o ou Mecatr\u00f4nica<\/p>\n<p>T\u00e9cnico em Eletr\u00f4nica<\/p>\n<p>T\u00e9cnico em Eletrot\u00e9cnica<\/p>\n<p>\u2022\u00a0\u00a0\u00a0\u00a0\u00a0\u00a0\u00a0\u00a0\u00a0\u00a0\u00a0\u00a0 Conhecimentos em: rede Profibus, Pneum\u00e1tica e equipamentos de campo SMAR<\/p>\n<p>\u2022\u00a0\u00a0\u00a0\u00a0\u00a0\u00a0\u00a0\u00a0\u00a0\u00a0\u00a0\u00a0 Desej\u00e1vel Experi\u00eancia na Fun\u00e7\u00e3o<\/p>\n<p>&nbsp;<\/p>\n<p><strong>T\u00e9cnico em Eletr\u00f4nica\u00a0\u00a0\u00a0\u00a0 (01 vaga)<\/strong><\/p>\n<p>\u2022\u00a0\u00a0\u00a0\u00a0\u00a0\u00a0\u00a0\u00a0\u00a0\u00a0\u00a0\u00a0 Forma\u00e7\u00e3o em: T\u00e9cnico em Automa\u00e7\u00e3o ou Mecatr\u00f4nica<\/p>\n<p>T\u00e9cnico em Eletr\u00f4nica<\/p>\n<p>T\u00e9cnico em Eletrot\u00e9cnica<\/p>\n<p>\u2022\u00a0\u00a0\u00a0\u00a0\u00a0\u00a0\u00a0\u00a0\u00a0\u00a0\u00a0\u00a0 Desej\u00e1vel Experi\u00eancia na Fun\u00e7\u00e3o<\/p>\n<p>&nbsp;<\/p>\n<p><strong>T\u00e9cnico em Eletrot\u00e9cnica\u00a0\u00a0\u00a0\u00a0 (01 vaga)<\/strong><\/p>\n<p>\u2022\u00a0\u00a0\u00a0\u00a0\u00a0\u00a0\u00a0\u00a0\u00a0\u00a0\u00a0\u00a0 Forma\u00e7\u00e3o em Eletrot\u00e9cnica<\/p>\n<p>\u2022\u00a0\u00a0\u00a0\u00a0\u00a0\u00a0\u00a0\u00a0\u00a0\u00a0\u00a0\u00a0 Desej\u00e1vel Experi\u00eancia na Fun\u00e7\u00e3o<\/p>\n<p>&nbsp;<\/p>\n<p><strong>T\u00e9cnico em Refrigera\u00e7\u00e3o\u00a0\u00a0\u00a0\u00a0 (01 vaga)<\/strong><\/p>\n<p>\u2022\u00a0\u00a0\u00a0\u00a0\u00a0\u00a0\u00a0\u00a0\u00a0\u00a0\u00a0\u00a0 Forma\u00e7\u00e3o em: T\u00e9cnico em Mec\u00e2nica de Refrigera\u00e7\u00e3o<\/p>\n<p>T\u00e9cnico em Refrigera\u00e7\u00e3o<\/p>\n<p>T\u00e9cnico em Eletrot\u00e9cnica<\/p>\n<p>\u2022\u00a0\u00a0\u00a0\u00a0\u00a0\u00a0\u00a0\u00a0\u00a0\u00a0\u00a0\u00a0 Desej\u00e1vel Experi\u00eancia na Fun\u00e7\u00e3o<\/p>\n<p>&nbsp;<\/p>\n<p>&nbsp;<\/p>\n<p>As entrevistas s\u00e3o realizadas de segunda \u00e0 quinta-feira, no per\u00edodo matutino, das 06 \u00e0s 10 horas.<\/p>\n<p>Interessados devem enviar o curr\u00edculo para o endere\u00e7o de email: roberta.takahara@iaco.ind.br.<\/p>\n<p>Mais informa\u00e7\u00f5es: Tel: (67) 3562.5700 &#8211; Ramal 5870.<\/p>\n<\/div>\n","protected":false},"excerpt":{"rendered":"<p>Se voc\u00ea est\u00e1 procurando emprego, ou busca uma nova oportunidade na carreira, deve ficar atento as novas vagas abertas pela empresa IACO Agr\u00edcola. As vagas s\u00e3o para Chapad\u00e3o do Sul e toda a regi\u00e3o. &nbsp; &#8212;&#8212;&#8212;&#8212;&#8212;&#8212;&#8212;&#8211; AGR\u00cdCOLA &#8212;&#8212;&#8212;&#8212;&#8212;&#8212;&#8212; &nbsp; Borracheiro\u00a0\u00a0\u00a0\u00a0 (01 vaga) \u2022\u00a0\u00a0\u00a0\u00a0\u00a0\u00a0\u00a0\u00a0\u00a0\u00a0\u00a0\u00a0 Ensino Fundamental Completo \u2022\u00a0\u00a0\u00a0\u00a0\u00a0\u00a0\u00a0\u00a0\u00a0\u00a0\u00a0\u00a0 Com Experi\u00eancia na Fun\u00e7\u00e3o &nbsp; &#8212;&#8212;&#8212;&#8212;&#8212;&#8212;&#8212;&#8212;&#8212;-IND\u00daSTRIA&#8212;&#8212;&#8212;&#8212;&#8212;&#8212;&#8212;&#8212;&#8212;- &nbsp; T\u00e9cnico [&hellip;]<\/p>\n","protected":false},"author":4,"featured_media":494,"comment_status":"closed","ping_status":"closed","sticky":false,"template":"","format":"standard","meta":{"footnotes":""},"categories":[24],"tags":[],"class_list":["post-8510","post","type-post","status-publish","format-standard","has-post-thumbnail","hentry","category-classificados"],"_links":{"self":[{"href":"https:\/\/www.ocorreionews.com.br\/acervo-correio\/index.php?rest_route=\/wp\/v2\/posts\/8510","targetHints":{"allow":["GET"]}}],"collection":[{"href":"https:\/\/www.ocorreionews.com.br\/acervo-correio\/index.php?rest_route=\/wp\/v2\/posts"}],"about":[{"href":"https:\/\/www.ocorreionews.com.br\/acervo-correio\/index.php?rest_route=\/wp\/v2\/types\/post"}],"author":[{"embeddable":true,"href":"https:\/\/www.ocorreionews.com.br\/acervo-correio\/index.php?rest_route=\/wp\/v2\/users\/4"}],"replies":[{"embeddable":true,"href":"https:\/\/www.ocorreionews.com.br\/acervo-correio\/index.php?rest_route=%2Fwp%2Fv2%2Fcomments&post=8510"}],"version-history":[{"count":0,"href":"https:\/\/www.ocorreionews.com.br\/acervo-correio\/index.php?rest_route=\/wp\/v2\/posts\/8510\/revisions"}],"wp:featuredmedia":[{"embeddable":true,"href":"https:\/\/www.ocorreionews.com.br\/acervo-correio\/index.php?rest_route=\/wp\/v2\/media\/494"}],"wp:attachment":[{"href":"https:\/\/www.ocorreionews.com.br\/acervo-correio\/index.php?rest_route=%2Fwp%2Fv2%2Fmedia&parent=8510"}],"wp:term":[{"taxonomy":"category","embeddable":true,"href":"https:\/\/www.ocorreionews.com.br\/acervo-correio\/index.php?rest_route=%2Fwp%2Fv2%2Fcategories&post=8510"},{"taxonomy":"post_tag","embeddable":true,"href":"https:\/\/www.ocorreionews.com.br\/acervo-correio\/index.php?rest_route=%2Fwp%2Fv2%2Ftags&post=8510"}],"curies":[{"name":"wp","href":"https:\/\/api.w.org\/{rel}","templated":true}]}}