{"id":8540,"date":"2015-08-24T13:35:25","date_gmt":"2015-08-24T17:35:25","guid":{"rendered":"https:\/\/ocorreionews.com.br\/?p=8540"},"modified":"2015-08-24T13:35:25","modified_gmt":"2015-08-24T17:35:25","slug":"depois-de-5-dias-internado-e-cirurgias-bombeiro-tem-alta","status":"publish","type":"post","link":"https:\/\/www.ocorreionews.com.br\/acervo-correio\/?p=8540","title":{"rendered":"Depois de 5 dias internado e cirurgias, bombeiro tem alta"},"content":{"rendered":"<p>Depois de passar cinco dias internado e ser submetido a algumas cirurgias para retirada de proj\u00e9teis de arma de fogo, o soldado do Corpo de Bombeiros Fabr\u00edcio de Lima Teixeira, 26 anos, recebeu alta m\u00e9dica na tarde de s\u00e1bado (22). Ele havia sido baleado com cinco tiros, na segunda-feira (17), durante atendimento de uma ocorr\u00eancia de mal s\u00fabito, na cidade de Parana\u00edba.<\/p>\n<p>A informa\u00e7\u00e3o sobre a libera\u00e7\u00e3o do paciente foi anunciada, na manh\u00e3 de hoje (24),\u00a0pela assessoria de imprensa da Santa Casa,\u00a0onde ele passou pelos procedimentos m\u00e9dicos.<\/p>\n<p>Dois dois cinco\u00a0tiros atingiram Fabr\u00edcio\u00a0na cabe\u00e7a, outros\u00a0dois no\u00a0abd\u00f4men e o quinto em uma das pernas.<\/p>\n<p><strong>AUTORIA<\/strong><\/p>\n<p>Elizeu Jos\u00e9 dos Santos, 33 anos, autor dos disparos se apresentou \u00e0 pol\u00edcia tr\u00eas dias depois do crime. Em depoimento, alegou arrependimento e disse ter atirado no soldado\u00a0porque desconfiava que estivesse envolvido com sua convivente.<\/p>\n<p>&nbsp;<\/p>\n<p>Fonte: Correio do Estado<\/p>\n<p>&nbsp;<\/p>\n","protected":false},"excerpt":{"rendered":"<p>Depois de passar cinco dias internado e ser submetido a algumas cirurgias para retirada de proj\u00e9teis de arma de fogo, o soldado do Corpo de Bombeiros Fabr\u00edcio de Lima Teixeira, 26 anos, recebeu alta m\u00e9dica na tarde de s\u00e1bado (22). Ele havia sido baleado com cinco tiros, na segunda-feira (17), durante atendimento de uma ocorr\u00eancia [&hellip;]<\/p>\n","protected":false},"author":4,"featured_media":8028,"comment_status":"closed","ping_status":"closed","sticky":false,"template":"","format":"standard","meta":{"footnotes":""},"categories":[38],"tags":[],"class_list":["post-8540","post","type-post","status-publish","format-standard","has-post-thumbnail","hentry","category-policia"],"_links":{"self":[{"href":"https:\/\/www.ocorreionews.com.br\/acervo-correio\/index.php?rest_route=\/wp\/v2\/posts\/8540","targetHints":{"allow":["GET"]}}],"collection":[{"href":"https:\/\/www.ocorreionews.com.br\/acervo-correio\/index.php?rest_route=\/wp\/v2\/posts"}],"about":[{"href":"https:\/\/www.ocorreionews.com.br\/acervo-correio\/index.php?rest_route=\/wp\/v2\/types\/post"}],"author":[{"embeddable":true,"href":"https:\/\/www.ocorreionews.com.br\/acervo-correio\/index.php?rest_route=\/wp\/v2\/users\/4"}],"replies":[{"embeddable":true,"href":"https:\/\/www.ocorreionews.com.br\/acervo-correio\/index.php?rest_route=%2Fwp%2Fv2%2Fcomments&post=8540"}],"version-history":[{"count":0,"href":"https:\/\/www.ocorreionews.com.br\/acervo-correio\/index.php?rest_route=\/wp\/v2\/posts\/8540\/revisions"}],"wp:featuredmedia":[{"embeddable":true,"href":"https:\/\/www.ocorreionews.com.br\/acervo-correio\/index.php?rest_route=\/wp\/v2\/media\/8028"}],"wp:attachment":[{"href":"https:\/\/www.ocorreionews.com.br\/acervo-correio\/index.php?rest_route=%2Fwp%2Fv2%2Fmedia&parent=8540"}],"wp:term":[{"taxonomy":"category","embeddable":true,"href":"https:\/\/www.ocorreionews.com.br\/acervo-correio\/index.php?rest_route=%2Fwp%2Fv2%2Fcategories&post=8540"},{"taxonomy":"post_tag","embeddable":true,"href":"https:\/\/www.ocorreionews.com.br\/acervo-correio\/index.php?rest_route=%2Fwp%2Fv2%2Ftags&post=8540"}],"curies":[{"name":"wp","href":"https:\/\/api.w.org\/{rel}","templated":true}]}}