{"id":8582,"date":"2015-08-25T09:07:29","date_gmt":"2015-08-25T13:07:29","guid":{"rendered":"https:\/\/ocorreionews.com.br\/?p=8582"},"modified":"2015-08-25T09:07:29","modified_gmt":"2015-08-25T13:07:29","slug":"vereadores-e-empresarios-da-capital-de-ms-sao-levados-para-gaeco","status":"publish","type":"post","link":"https:\/\/www.ocorreionews.com.br\/acervo-correio\/?p=8582","title":{"rendered":"Vereadores e empres\u00e1rios da capital de MS s\u00e3o levados para Gaeco"},"content":{"rendered":"<p>O Grupo de Atua\u00e7\u00e3o e Repress\u00e3o ao Crime Organizado (Gaeco), ligado ao Minist\u00e9rio P\u00fablico, deflagrou a opera\u00e7\u00e3o Coffee Break na manh\u00e3 desta ter\u00e7a-feira (25), em Campo Grande.<\/p>\n<p>De acordo com informa\u00e7\u00f5es preliminares, 13 pessoas, sendo 9 vereadores da capital, um ex-vereador e tr\u00eas empres\u00e1rios foram conduzidos ao pr\u00e9dio do Gaeco para prestar depoimento. O <strong>G1<\/strong>n\u00e3o conseguiu contato com a assessoria de imprensa da C\u00e2mara.<\/p>\n<div id=\"4418203\" class=\"video componente_materia\" data-height=\"349\" data-width=\"620\">\n<div id=\"wp3-player-0\" class=\"clappr-player\" tabindex=\"9999\" data-player=\"\">\n<div class=\"container master-container\" data-container=\"\" data-pip=\"\">\n<div class=\"player-poster\" data-poster=\"\"><\/div>\n<div class=\"player-spinner hidden\" data-spinner=\"\">\u00a0Segundo o promotor de Justi\u00e7a Marcos Alex Vera de Oliveira, coordenador do Gaeco, a investiga\u00e7\u00e3o apura a suspeita de corrup\u00e7\u00e3o ativa e passiva em vota\u00e7\u00f5es na C\u00e2mara Municipal de Campo Grande.<\/div>\n<\/div>\n<\/div>\n<\/div>\n<p>A opera\u00e7\u00e3o, conforme ele, \u00e9 um desdobramento, um \u201clink\u201d da Opera\u00e7\u00e3o Lama Asf\u00e1ltica, que investigou a suspeita de desvio de recursos p\u00fablicos por meio de fraude em licita\u00e7\u00f5es, contratos administrativos e superfaturamento de obras realizadas no estado.<\/p>\n<p>&nbsp;<\/p>\n<p>TV Morena<\/p>\n","protected":false},"excerpt":{"rendered":"<p>O Grupo de Atua\u00e7\u00e3o e Repress\u00e3o ao Crime Organizado (Gaeco), ligado ao Minist\u00e9rio P\u00fablico, deflagrou a opera\u00e7\u00e3o Coffee Break na manh\u00e3 desta ter\u00e7a-feira (25), em Campo Grande. De acordo com informa\u00e7\u00f5es preliminares, 13 pessoas, sendo 9 vereadores da capital, um ex-vereador e tr\u00eas empres\u00e1rios foram conduzidos ao pr\u00e9dio do Gaeco para prestar depoimento. O G1n\u00e3o [&hellip;]<\/p>\n","protected":false},"author":4,"featured_media":8583,"comment_status":"closed","ping_status":"closed","sticky":false,"template":"","format":"standard","meta":{"footnotes":""},"categories":[38],"tags":[],"class_list":["post-8582","post","type-post","status-publish","format-standard","has-post-thumbnail","hentry","category-policia"],"_links":{"self":[{"href":"https:\/\/www.ocorreionews.com.br\/acervo-correio\/index.php?rest_route=\/wp\/v2\/posts\/8582","targetHints":{"allow":["GET"]}}],"collection":[{"href":"https:\/\/www.ocorreionews.com.br\/acervo-correio\/index.php?rest_route=\/wp\/v2\/posts"}],"about":[{"href":"https:\/\/www.ocorreionews.com.br\/acervo-correio\/index.php?rest_route=\/wp\/v2\/types\/post"}],"author":[{"embeddable":true,"href":"https:\/\/www.ocorreionews.com.br\/acervo-correio\/index.php?rest_route=\/wp\/v2\/users\/4"}],"replies":[{"embeddable":true,"href":"https:\/\/www.ocorreionews.com.br\/acervo-correio\/index.php?rest_route=%2Fwp%2Fv2%2Fcomments&post=8582"}],"version-history":[{"count":0,"href":"https:\/\/www.ocorreionews.com.br\/acervo-correio\/index.php?rest_route=\/wp\/v2\/posts\/8582\/revisions"}],"wp:featuredmedia":[{"embeddable":true,"href":"https:\/\/www.ocorreionews.com.br\/acervo-correio\/index.php?rest_route=\/wp\/v2\/media\/8583"}],"wp:attachment":[{"href":"https:\/\/www.ocorreionews.com.br\/acervo-correio\/index.php?rest_route=%2Fwp%2Fv2%2Fmedia&parent=8582"}],"wp:term":[{"taxonomy":"category","embeddable":true,"href":"https:\/\/www.ocorreionews.com.br\/acervo-correio\/index.php?rest_route=%2Fwp%2Fv2%2Fcategories&post=8582"},{"taxonomy":"post_tag","embeddable":true,"href":"https:\/\/www.ocorreionews.com.br\/acervo-correio\/index.php?rest_route=%2Fwp%2Fv2%2Ftags&post=8582"}],"curies":[{"name":"wp","href":"https:\/\/api.w.org\/{rel}","templated":true}]}}