{"id":8585,"date":"2015-08-25T09:10:13","date_gmt":"2015-08-25T13:10:13","guid":{"rendered":"https:\/\/ocorreionews.com.br\/?p=8585"},"modified":"2015-08-25T09:10:13","modified_gmt":"2015-08-25T13:10:13","slug":"contribuinte-de-costa-rica-podera-doar-ao-fundo-municipal-da-infancia-e-adolescencia","status":"publish","type":"post","link":"https:\/\/www.ocorreionews.com.br\/acervo-correio\/?p=8585","title":{"rendered":"Contribuinte de Costa Rica poder\u00e1 doar ao Fundo Municipal da Inf\u00e2ncia e Adolesc\u00eancia"},"content":{"rendered":"<div>Representantes de Escrit\u00f3rios de Contabilidade e de Entidades de Classe participam de reuni\u00e3o sobre a Campanha de Doa\u00e7\u00e3o do Imposto de Renda da Pessoa F\u00edsica &#8211; 2016 ao FMIA.<\/div>\n<div><\/div>\n<div>O contribuinte de Costa Rica &#8211; MS, que for declarar o Imposto de Renda, poder\u00e1 doar at\u00e9 6% ao FMIA &#8211; Fundo Municipal da Inf\u00e2ncia e Adolesc\u00eancia. As doa\u00e7\u00f5es s\u00e3o deliberadas pelo Conselho Municipal dos Direitos da Crian\u00e7a e do Adolescente e fiscalizado pelo Minist\u00e9rio P\u00fablico Estadual.<\/div>\n<div><\/div>\n<div>Na tarde da \u00faltima sexta-feira (21), o prefeito Waldeli dos Santos Rosa, contadores e representantes de escrit\u00f3rios de contabilidade de Costa Rica, e entidades de classe participaram de uma reuni\u00e3o que tratou o lan\u00e7amento da Campanha de Doa\u00e7\u00e3o do IRPF \u2013 Imposto de Renda da Pessoa F\u00edsica &#8211; 2016 ao FMIA. \u201cNosso objetivo \u00e9 mobilizar os profissionais da \u00e1rea para incentivar seus clientes a doar parte de seu imposto de renda e orientar seus contribuintes de como doar ao FMIA\u201d, enfatizou o secret\u00e1rio de Assist\u00eancia Social Waldomiro Bocalan \u2018Biri\u2019.<\/div>\n<div><\/div>\n<div>Para apresentar os benef\u00edcios da campanha, a reuni\u00e3o contou com a explana\u00e7\u00e3o do contador Josemar Battisti que tamb\u00e9m \u00e9 Conselheiro Fiscal do CRC\/MS &#8211; Conselho Regional de Contabilidade &#8211; que enfatizou a import\u00e2ncia de doar para os fundos especiais. \u201cNos casos de pessoas f\u00edsicas, se as doa\u00e7\u00f5es forem realizadas dentro do ano de refer\u00eancia (at\u00e9 31\/12) \u00e9 poss\u00edvel deduzir at\u00e9 6% do IRPF devido na declara\u00e7\u00e3o, ap\u00f3s o encerramento do ano, as doa\u00e7\u00f5es ficam reduzidas e limitadas chegando a 3% do imposto devido na declara\u00e7\u00e3o\u201d, explicou.<\/div>\n<div><\/div>\n<div>Por sua vez, o prefeito acrescentou que a campanha busca incentivar o contribuinte para que ele doe parte de seus impostos, para projetos que beneficiem crian\u00e7as e adolescentes de Costa Rica. \u201cOs doadores potenciais s\u00e3o as pessoas f\u00edsicas que podem doar at\u00e9 6% de IPR e pessoa jur\u00eddica 1%. Com as doa\u00e7\u00f5es aos fundos especiais, a sociedade contribui para a Pol\u00edtica de Atendimento a Crian\u00e7a e do Adolescente do Mun\u00edcipio de Costa Rica\u201d, complementou.<\/div>\n<div><\/div>\n<div>\u201cA campanha visa beneficiar o fundo atrav\u00e9s dos Impostos de renda de pessoas f\u00edsicas completas e de pessoas jur\u00eddicas que fazem, declara\u00e7\u00e3o pelo lucro. A inten\u00e7\u00e3o \u00e9 divulgar essa a\u00e7\u00e3o no Munic\u00edpio, afim de que essas doa\u00e7\u00f5es aconte\u00e7am e esses recursos fiquem em Costa Rica\u201d, explicou a assistente Social Soliane Anacleto.<\/div>\n<div><\/div>\n<div>O prefeito refor\u00e7ou ainda que os contabilistas s\u00e3o pe\u00e7as-chaves na articula\u00e7\u00e3o do financiamento dos fundos de inf\u00e2ncia \u00e0 crian\u00e7a e adolescente. \u201cS\u00e3o eles que, com seu conhecimento e dinamismo profissional, informam as empresas e contribuintes pessoa f\u00edsica as possibilidades de dedu\u00e7\u00e3o do imposto, a uni\u00e3o dos contadores fazem a diferen\u00e7a\u201d.<\/div>\n<div><\/div>\n<div><a href=\"https:\/\/ocorreionews.com.br\/wp-content\/uploads\/2015\/08\/reuniao-FMI.jpg\"><img loading=\"lazy\" decoding=\"async\" class=\"alignnone size-full wp-image-8587\" src=\"https:\/\/ocorreionews.com.br\/wp-content\/uploads\/2015\/08\/reuniao-FMI.jpg\" alt=\"reuniao FMI\" width=\"630\" height=\"390\" srcset=\"https:\/\/www.ocorreionews.com.br\/acervo-correio\/wp-content\/uploads\/2015\/08\/reuniao-FMI.jpg 630w, https:\/\/www.ocorreionews.com.br\/acervo-correio\/wp-content\/uploads\/2015\/08\/reuniao-FMI-300x186.jpg 300w\" sizes=\"auto, (max-width: 630px) 100vw, 630px\" \/><\/a><\/div>\n<div>Costa Rica em Foco<\/div>\n","protected":false},"excerpt":{"rendered":"<p>Representantes de Escrit\u00f3rios de Contabilidade e de Entidades de Classe participam de reuni\u00e3o sobre a Campanha de Doa\u00e7\u00e3o do Imposto de Renda da Pessoa F\u00edsica &#8211; 2016 ao FMIA. O contribuinte de Costa Rica &#8211; MS, que for declarar o Imposto de Renda, poder\u00e1 doar at\u00e9 6% ao FMIA &#8211; Fundo Municipal da Inf\u00e2ncia e [&hellip;]<\/p>\n","protected":false},"author":4,"featured_media":8586,"comment_status":"closed","ping_status":"closed","sticky":false,"template":"","format":"standard","meta":{"footnotes":""},"categories":[25],"tags":[],"class_list":["post-8585","post","type-post","status-publish","format-standard","has-post-thumbnail","hentry","category-costa-rica"],"_links":{"self":[{"href":"https:\/\/www.ocorreionews.com.br\/acervo-correio\/index.php?rest_route=\/wp\/v2\/posts\/8585","targetHints":{"allow":["GET"]}}],"collection":[{"href":"https:\/\/www.ocorreionews.com.br\/acervo-correio\/index.php?rest_route=\/wp\/v2\/posts"}],"about":[{"href":"https:\/\/www.ocorreionews.com.br\/acervo-correio\/index.php?rest_route=\/wp\/v2\/types\/post"}],"author":[{"embeddable":true,"href":"https:\/\/www.ocorreionews.com.br\/acervo-correio\/index.php?rest_route=\/wp\/v2\/users\/4"}],"replies":[{"embeddable":true,"href":"https:\/\/www.ocorreionews.com.br\/acervo-correio\/index.php?rest_route=%2Fwp%2Fv2%2Fcomments&post=8585"}],"version-history":[{"count":0,"href":"https:\/\/www.ocorreionews.com.br\/acervo-correio\/index.php?rest_route=\/wp\/v2\/posts\/8585\/revisions"}],"wp:featuredmedia":[{"embeddable":true,"href":"https:\/\/www.ocorreionews.com.br\/acervo-correio\/index.php?rest_route=\/wp\/v2\/media\/8586"}],"wp:attachment":[{"href":"https:\/\/www.ocorreionews.com.br\/acervo-correio\/index.php?rest_route=%2Fwp%2Fv2%2Fmedia&parent=8585"}],"wp:term":[{"taxonomy":"category","embeddable":true,"href":"https:\/\/www.ocorreionews.com.br\/acervo-correio\/index.php?rest_route=%2Fwp%2Fv2%2Fcategories&post=8585"},{"taxonomy":"post_tag","embeddable":true,"href":"https:\/\/www.ocorreionews.com.br\/acervo-correio\/index.php?rest_route=%2Fwp%2Fv2%2Ftags&post=8585"}],"curies":[{"name":"wp","href":"https:\/\/api.w.org\/{rel}","templated":true}]}}