{"id":8595,"date":"2015-08-25T10:11:04","date_gmt":"2015-08-25T14:11:04","guid":{"rendered":"https:\/\/ocorreionews.com.br\/?p=8595"},"modified":"2015-08-25T10:11:04","modified_gmt":"2015-08-25T14:11:04","slug":"presidente-da-camara-da-capital-vereador-mario-cesar-e-afastado-do-cargo","status":"publish","type":"post","link":"https:\/\/www.ocorreionews.com.br\/acervo-correio\/?p=8595","title":{"rendered":"Presidente da C\u00e2mara da Capital, vereador Mario Cesar \u00e9 afastado do cargo"},"content":{"rendered":"<div class=\"content\">\n<div class=\"field field-name-body field-type-text-with-summary field-label-hidden\">\n<div class=\"field-items\">\n<div class=\"field-item even\">\n<p>O presidente da C\u00e2mara, vereador Mario Cesar (PMDB) foi afastado do cargo nesta ter\u00e7a-feira (25). O promotor do Gaeco (Grupo de Atua\u00e7\u00e3o Especial de Combate ao Crime Organizado) Marcos Alex Vera entregou o pedido aos vereadores na C\u00e2mara, por volta das 8h50.<\/p>\n<p>H\u00e1 informa\u00e7\u00f5es, ainda n\u00e3o confirmadas, de que a bancada do PT do B tamb\u00e9m ser\u00e1 afastada. Os vereadores Eduardo Romero, Ot\u00e1vio Trad e Fl\u00e1vio C\u00e9sar (vice-presidente da C\u00e2mara) foram ouvidos pelo Gaeco no ano passado, Na \u00e9poca, eles afirmaram que prestaram depoimento apenas como testemunhas.<\/p>\n<p>Fl\u00e1vio C\u00e9sar informou por meio da assessoria de comunica\u00e7\u00e3o que desconhece o pedido de afastamento do prefeito Gilmar Olarte e tamb\u00e9m do presidente da C\u00e2mara, vereador Mario Cesar.<\/p>\n<p>Mais cedo, o Gaeco esteve na Prefeitura de Campo Grande para comunicar o afastamento do prefeito Gilmar Olarte.<\/p>\n<p><span class=\"author\">Evelin Araujo e J\u00e9ssica Benitez<\/span>&#8211; midiamax<\/p>\n<\/div>\n<\/div>\n<\/div>\n<\/div>\n","protected":false},"excerpt":{"rendered":"<p>O presidente da C\u00e2mara, vereador Mario Cesar (PMDB) foi afastado do cargo nesta ter\u00e7a-feira (25). O promotor do Gaeco (Grupo de Atua\u00e7\u00e3o Especial de Combate ao Crime Organizado) Marcos Alex Vera entregou o pedido aos vereadores na C\u00e2mara, por volta das 8h50. H\u00e1 informa\u00e7\u00f5es, ainda n\u00e3o confirmadas, de que a bancada do PT do B [&hellip;]<\/p>\n","protected":false},"author":4,"featured_media":8596,"comment_status":"closed","ping_status":"closed","sticky":false,"template":"","format":"standard","meta":{"footnotes":""},"categories":[37],"tags":[],"class_list":["post-8595","post","type-post","status-publish","format-standard","has-post-thumbnail","hentry","category-politica"],"_links":{"self":[{"href":"https:\/\/www.ocorreionews.com.br\/acervo-correio\/index.php?rest_route=\/wp\/v2\/posts\/8595","targetHints":{"allow":["GET"]}}],"collection":[{"href":"https:\/\/www.ocorreionews.com.br\/acervo-correio\/index.php?rest_route=\/wp\/v2\/posts"}],"about":[{"href":"https:\/\/www.ocorreionews.com.br\/acervo-correio\/index.php?rest_route=\/wp\/v2\/types\/post"}],"author":[{"embeddable":true,"href":"https:\/\/www.ocorreionews.com.br\/acervo-correio\/index.php?rest_route=\/wp\/v2\/users\/4"}],"replies":[{"embeddable":true,"href":"https:\/\/www.ocorreionews.com.br\/acervo-correio\/index.php?rest_route=%2Fwp%2Fv2%2Fcomments&post=8595"}],"version-history":[{"count":0,"href":"https:\/\/www.ocorreionews.com.br\/acervo-correio\/index.php?rest_route=\/wp\/v2\/posts\/8595\/revisions"}],"wp:featuredmedia":[{"embeddable":true,"href":"https:\/\/www.ocorreionews.com.br\/acervo-correio\/index.php?rest_route=\/wp\/v2\/media\/8596"}],"wp:attachment":[{"href":"https:\/\/www.ocorreionews.com.br\/acervo-correio\/index.php?rest_route=%2Fwp%2Fv2%2Fmedia&parent=8595"}],"wp:term":[{"taxonomy":"category","embeddable":true,"href":"https:\/\/www.ocorreionews.com.br\/acervo-correio\/index.php?rest_route=%2Fwp%2Fv2%2Fcategories&post=8595"},{"taxonomy":"post_tag","embeddable":true,"href":"https:\/\/www.ocorreionews.com.br\/acervo-correio\/index.php?rest_route=%2Fwp%2Fv2%2Ftags&post=8595"}],"curies":[{"name":"wp","href":"https:\/\/api.w.org\/{rel}","templated":true}]}}