{"id":8601,"date":"2015-08-25T12:53:04","date_gmt":"2015-08-25T16:53:04","guid":{"rendered":"https:\/\/ocorreionews.com.br\/?p=8601"},"modified":"2015-08-25T12:53:04","modified_gmt":"2015-08-25T16:53:04","slug":"industria-em-ms-estima-fechar-8-mil-postos-de-trabalho-com-reoneracoes-da-folha","status":"publish","type":"post","link":"https:\/\/www.ocorreionews.com.br\/acervo-correio\/?p=8601","title":{"rendered":"Ind\u00fastria em MS estima fechar 8 mil postos de trabalho com reonera\u00e7\u00f5es da folha"},"content":{"rendered":"<p>O setor industrial de Mato Grosso do Sul deve fechar mais 8 mil postos de trabalho com a aprova\u00e7\u00e3o da lei que reduz as desonera\u00e7\u00f5es da folha de pagamento e atingir a marca de 20 mil empregos fechados neste ano. A estimativa \u00e9 da Federa\u00e7\u00e3o das Ind\u00fastrias do Estado (FIEMS), com base no levantamento do Radar Industrial, que ainda projeta que os setores industrial e comercial v\u00e3o precisar desembolsar cerca de R$ 900 milh\u00f5es a mais em tributos para a Uni\u00e3o por ano.<\/p>\n<p>O Projeto de Lei 57\/2015 aumenta a contribui\u00e7\u00e3o previdenci\u00e1ria que as empresas t\u00eam de pagar ao Instituto Nacional de Seguridade Social (INSS). A proposta foi aprovada pelo Senado na semana passada, com voto favor\u00e1vel de tr\u00eas representantes da bancada estadual: Delc\u00eddio do Amaral (PT), Waldemir Moka (PMDB) e Simone Tebet (PMDB). O texto ainda precisa ser sancionada pela presidente Dilma Rousseff. S\u00e3o 56 setores afetados.<\/p>\n<p>O presidente do Sinduscon\/MS (Sindicato Intermunicipal das Ind\u00fastrias da Constru\u00e7\u00e3o do Estado), Amarildo Miranda Mello, afirma que a redu\u00e7\u00e3o do emprego no setor poder\u00e1 ser de at\u00e9 20%.\u201cN\u00f3s vemos que o Governo n\u00e3o investe em empreendedorismo, n\u00e3o investe em quem produz. Ele vai dobrar a contribui\u00e7\u00e3o ao INSS e, com isso, vamos agravar ainda mais o n\u00edvel de desemprego no Estado e no pa\u00eds\u201d, frisa.<\/p>\n<p><strong>(*) A reportagem, de Paula Vitorino, est\u00e1 na edi\u00e7\u00e3o de hoje do jornal Correio do Estado.<\/strong><\/p>\n","protected":false},"excerpt":{"rendered":"<p>O setor industrial de Mato Grosso do Sul deve fechar mais 8 mil postos de trabalho com a aprova\u00e7\u00e3o da lei que reduz as desonera\u00e7\u00f5es da folha de pagamento e atingir a marca de 20 mil empregos fechados neste ano. A estimativa \u00e9 da Federa\u00e7\u00e3o das Ind\u00fastrias do Estado (FIEMS), com base no levantamento do [&hellip;]<\/p>\n","protected":false},"author":4,"featured_media":8602,"comment_status":"closed","ping_status":"closed","sticky":false,"template":"","format":"standard","meta":{"footnotes":""},"categories":[26],"tags":[],"class_list":["post-8601","post","type-post","status-publish","format-standard","has-post-thumbnail","hentry","category-economia"],"_links":{"self":[{"href":"https:\/\/www.ocorreionews.com.br\/acervo-correio\/index.php?rest_route=\/wp\/v2\/posts\/8601","targetHints":{"allow":["GET"]}}],"collection":[{"href":"https:\/\/www.ocorreionews.com.br\/acervo-correio\/index.php?rest_route=\/wp\/v2\/posts"}],"about":[{"href":"https:\/\/www.ocorreionews.com.br\/acervo-correio\/index.php?rest_route=\/wp\/v2\/types\/post"}],"author":[{"embeddable":true,"href":"https:\/\/www.ocorreionews.com.br\/acervo-correio\/index.php?rest_route=\/wp\/v2\/users\/4"}],"replies":[{"embeddable":true,"href":"https:\/\/www.ocorreionews.com.br\/acervo-correio\/index.php?rest_route=%2Fwp%2Fv2%2Fcomments&post=8601"}],"version-history":[{"count":0,"href":"https:\/\/www.ocorreionews.com.br\/acervo-correio\/index.php?rest_route=\/wp\/v2\/posts\/8601\/revisions"}],"wp:featuredmedia":[{"embeddable":true,"href":"https:\/\/www.ocorreionews.com.br\/acervo-correio\/index.php?rest_route=\/wp\/v2\/media\/8602"}],"wp:attachment":[{"href":"https:\/\/www.ocorreionews.com.br\/acervo-correio\/index.php?rest_route=%2Fwp%2Fv2%2Fmedia&parent=8601"}],"wp:term":[{"taxonomy":"category","embeddable":true,"href":"https:\/\/www.ocorreionews.com.br\/acervo-correio\/index.php?rest_route=%2Fwp%2Fv2%2Fcategories&post=8601"},{"taxonomy":"post_tag","embeddable":true,"href":"https:\/\/www.ocorreionews.com.br\/acervo-correio\/index.php?rest_route=%2Fwp%2Fv2%2Ftags&post=8601"}],"curies":[{"name":"wp","href":"https:\/\/api.w.org\/{rel}","templated":true}]}}