{"id":8606,"date":"2015-08-25T13:09:19","date_gmt":"2015-08-25T17:09:19","guid":{"rendered":"https:\/\/ocorreionews.com.br\/?p=8606"},"modified":"2015-08-25T13:09:19","modified_gmt":"2015-08-25T17:09:19","slug":"camapua-revolver-dispara-acidentalmente-e-atinge-perna-de-campeiro","status":"publish","type":"post","link":"https:\/\/www.ocorreionews.com.br\/acervo-correio\/?p=8606","title":{"rendered":"Camapu\u00e3: Rev\u00f3lver dispara acidentalmente e atinge perna de campeiro"},"content":{"rendered":"<p>Um campeiro de 19 anos, ficou ferido ap\u00f3s seu rev\u00f3lver disparar acidentalmente enquanto galopava por volta das 14 horas, desta segunda-feira (24), numa fazenda pr\u00f3xima de Camapu\u00e3.<\/p>\n<p>Segundo o registro policial, a v\u00edtima relatou que estava no campo a cavalo e portava um revolver calibre 32 em sua cintura, ele acredita que enquanto galopava a arma ficou engatilhada e em dado momento houve o disparo acidental, vindo a atingir a perna esquerda do jovem.<\/p>\n<p>No momento do acidente, o jovem estava com seu tio, o qual estava um pouco distante da v\u00edtima, mas ouviu o disparo e o socorreu para o Hospital Municipal de Camapu\u00e3.<\/p>\n<p>O jovem relatou que possui a arma de fogo h\u00e1 pouco tempo e que a adquiriu de um viajante desconhecido sendo que a trocou por material de apetrechos usado em cavalo. Ele n\u00e3o apresentou o registro da arma de fogo aos policiais e disse n\u00e3o possuir o porte de arma obrigat\u00f3rio. Relatou tamb\u00e9m que o rev\u00f3lver ficou jogado no campo da fazenda e n\u00e3o se recorda o local.<\/p>\n<p>A v\u00edtima est\u00e1 internada e aguarda vaga para se deslocar at\u00e9 Campo Grande, onde deve realizar cirurgia para a retirada do proj\u00e9til da arma de fogo.<\/p>\n<p>O caso foi registrado na Delegacia de Pol\u00edcia Civil de Camapu\u00e3 como porte ilegal de arma de fogo de uso permitido, para devidas provid\u00eancias previstas em lei.<\/p>\n<p>&nbsp;<\/p>\n<p>&nbsp;<\/p>\n<p>IDEST<\/p>\n","protected":false},"excerpt":{"rendered":"<p>Um campeiro de 19 anos, ficou ferido ap\u00f3s seu rev\u00f3lver disparar acidentalmente enquanto galopava por volta das 14 horas, desta segunda-feira (24), numa fazenda pr\u00f3xima de Camapu\u00e3. Segundo o registro policial, a v\u00edtima relatou que estava no campo a cavalo e portava um revolver calibre 32 em sua cintura, ele acredita que enquanto galopava a [&hellip;]<\/p>\n","protected":false},"author":4,"featured_media":8607,"comment_status":"closed","ping_status":"closed","sticky":false,"template":"","format":"standard","meta":{"footnotes":""},"categories":[38],"tags":[],"class_list":["post-8606","post","type-post","status-publish","format-standard","has-post-thumbnail","hentry","category-policia"],"_links":{"self":[{"href":"https:\/\/www.ocorreionews.com.br\/acervo-correio\/index.php?rest_route=\/wp\/v2\/posts\/8606","targetHints":{"allow":["GET"]}}],"collection":[{"href":"https:\/\/www.ocorreionews.com.br\/acervo-correio\/index.php?rest_route=\/wp\/v2\/posts"}],"about":[{"href":"https:\/\/www.ocorreionews.com.br\/acervo-correio\/index.php?rest_route=\/wp\/v2\/types\/post"}],"author":[{"embeddable":true,"href":"https:\/\/www.ocorreionews.com.br\/acervo-correio\/index.php?rest_route=\/wp\/v2\/users\/4"}],"replies":[{"embeddable":true,"href":"https:\/\/www.ocorreionews.com.br\/acervo-correio\/index.php?rest_route=%2Fwp%2Fv2%2Fcomments&post=8606"}],"version-history":[{"count":0,"href":"https:\/\/www.ocorreionews.com.br\/acervo-correio\/index.php?rest_route=\/wp\/v2\/posts\/8606\/revisions"}],"wp:featuredmedia":[{"embeddable":true,"href":"https:\/\/www.ocorreionews.com.br\/acervo-correio\/index.php?rest_route=\/wp\/v2\/media\/8607"}],"wp:attachment":[{"href":"https:\/\/www.ocorreionews.com.br\/acervo-correio\/index.php?rest_route=%2Fwp%2Fv2%2Fmedia&parent=8606"}],"wp:term":[{"taxonomy":"category","embeddable":true,"href":"https:\/\/www.ocorreionews.com.br\/acervo-correio\/index.php?rest_route=%2Fwp%2Fv2%2Fcategories&post=8606"},{"taxonomy":"post_tag","embeddable":true,"href":"https:\/\/www.ocorreionews.com.br\/acervo-correio\/index.php?rest_route=%2Fwp%2Fv2%2Ftags&post=8606"}],"curies":[{"name":"wp","href":"https:\/\/api.w.org\/{rel}","templated":true}]}}