{"id":8609,"date":"2015-08-25T19:14:09","date_gmt":"2015-08-25T23:14:09","guid":{"rendered":"https:\/\/ocorreionews.com.br\/?p=8609"},"modified":"2015-08-25T19:21:51","modified_gmt":"2015-08-25T23:21:51","slug":"comissao-processante-acusados-e-testemunhas-foram-ouvidos","status":"publish","type":"post","link":"https:\/\/www.ocorreionews.com.br\/acervo-correio\/?p=8609","title":{"rendered":"Comiss\u00e3o Processante: Acusados e testemunhas foram ouvidos"},"content":{"rendered":"<p style=\"text-align: justify;\">Na manh\u00e3 desta ter\u00e7a-feira, os vereadores, que integram a Comiss\u00e3o Processante, que est\u00e1 investigando a den\u00fancia de Improbidade Administrativa, cometida pelo prefeito Dr. Felipe, ouviram as partes denunciadas acompanhadas pelos seus advogados.<\/p>\n<p style=\"text-align: justify;\">Foram ouvidos, o prefeito municipal Dr. Felipe, os propriet\u00e1rios a empresa Inviol\u00e1vel, citada na A\u00e7\u00e3o e testemunhas.<\/p>\n<p style=\"text-align: justify;\">Os vereadores aprovaram a forma\u00e7\u00e3o da CP, acatando uma den\u00fancia de um cidad\u00e3o, onde cita o direcionamento de licita\u00e7\u00e3o.<\/p>\n<p style=\"text-align: justify;\">Ontem uma mesma den\u00fancia nesse sentido foi apresentada na C\u00e2mara Municipal, por um empres\u00e1rio de Goi\u00e2nia.<\/p>\n<p style=\"text-align: justify;\"><a href=\"https:\/\/ocorreionews.com.br\/wp-content\/uploads\/2015\/08\/oitiva.jpg\"><img loading=\"lazy\" decoding=\"async\" class=\"alignnone size-full wp-image-8611\" src=\"https:\/\/ocorreionews.com.br\/wp-content\/uploads\/2015\/08\/oitiva.jpg\" alt=\"oitiva\" width=\"600\" height=\"399\" srcset=\"https:\/\/www.ocorreionews.com.br\/acervo-correio\/wp-content\/uploads\/2015\/08\/oitiva.jpg 600w, https:\/\/www.ocorreionews.com.br\/acervo-correio\/wp-content\/uploads\/2015\/08\/oitiva-300x200.jpg 300w\" sizes=\"auto, (max-width: 600px) 100vw, 600px\" \/><\/a><\/p>\n","protected":false},"excerpt":{"rendered":"<p>Na manh\u00e3 desta ter\u00e7a-feira, os vereadores, que integram a Comiss\u00e3o Processante, que est\u00e1 investigando a den\u00fancia de Improbidade Administrativa, cometida pelo prefeito Dr. Felipe, ouviram as partes denunciadas acompanhadas pelos seus advogados. Foram ouvidos, o prefeito municipal Dr. Felipe, os propriet\u00e1rios a empresa Inviol\u00e1vel, citada na A\u00e7\u00e3o e testemunhas. Os vereadores aprovaram a forma\u00e7\u00e3o da [&hellip;]<\/p>\n","protected":false},"author":4,"featured_media":8610,"comment_status":"closed","ping_status":"closed","sticky":false,"template":"","format":"standard","meta":{"footnotes":""},"categories":[23],"tags":[],"class_list":["post-8609","post","type-post","status-publish","format-standard","has-post-thumbnail","hentry","category-chapadao-do-sul"],"_links":{"self":[{"href":"https:\/\/www.ocorreionews.com.br\/acervo-correio\/index.php?rest_route=\/wp\/v2\/posts\/8609","targetHints":{"allow":["GET"]}}],"collection":[{"href":"https:\/\/www.ocorreionews.com.br\/acervo-correio\/index.php?rest_route=\/wp\/v2\/posts"}],"about":[{"href":"https:\/\/www.ocorreionews.com.br\/acervo-correio\/index.php?rest_route=\/wp\/v2\/types\/post"}],"author":[{"embeddable":true,"href":"https:\/\/www.ocorreionews.com.br\/acervo-correio\/index.php?rest_route=\/wp\/v2\/users\/4"}],"replies":[{"embeddable":true,"href":"https:\/\/www.ocorreionews.com.br\/acervo-correio\/index.php?rest_route=%2Fwp%2Fv2%2Fcomments&post=8609"}],"version-history":[{"count":0,"href":"https:\/\/www.ocorreionews.com.br\/acervo-correio\/index.php?rest_route=\/wp\/v2\/posts\/8609\/revisions"}],"wp:featuredmedia":[{"embeddable":true,"href":"https:\/\/www.ocorreionews.com.br\/acervo-correio\/index.php?rest_route=\/wp\/v2\/media\/8610"}],"wp:attachment":[{"href":"https:\/\/www.ocorreionews.com.br\/acervo-correio\/index.php?rest_route=%2Fwp%2Fv2%2Fmedia&parent=8609"}],"wp:term":[{"taxonomy":"category","embeddable":true,"href":"https:\/\/www.ocorreionews.com.br\/acervo-correio\/index.php?rest_route=%2Fwp%2Fv2%2Fcategories&post=8609"},{"taxonomy":"post_tag","embeddable":true,"href":"https:\/\/www.ocorreionews.com.br\/acervo-correio\/index.php?rest_route=%2Fwp%2Fv2%2Ftags&post=8609"}],"curies":[{"name":"wp","href":"https:\/\/api.w.org\/{rel}","templated":true}]}}