{"id":8613,"date":"2015-08-25T19:09:11","date_gmt":"2015-08-25T23:09:11","guid":{"rendered":"https:\/\/ocorreionews.com.br\/?p=8613"},"modified":"2015-08-25T19:13:34","modified_gmt":"2015-08-25T23:13:34","slug":"por-dois-a-um-tjms-devolve-cargo-de-prefeito-a-alcides-bernal","status":"publish","type":"post","link":"https:\/\/www.ocorreionews.com.br\/acervo-correio\/?p=8613","title":{"rendered":"Por dois a um, TJMS devolve cargo de prefeito a Alcides Bernal"},"content":{"rendered":"<div class=\"content\">\n<div class=\"field field-name-body field-type-text-with-summary field-label-hidden\">\n<div class=\"field-items\">\n<div class=\"field-item even\">\n<p>A 1\u00aa C\u00e2mara C\u00edvel do TJMS (Tribunal de Justi\u00e7a de Mato Grosso do Sul) julgou improcedente o recurso da C\u00e2mara Municipal e determinou a reintegra\u00e7\u00e3o do radialista Alcides Peralta Bernal (PP) ao cargo de prefeito de Campo Grande. Na decis\u00e3o da tarde de hoje (25), presidida pelo desembargador S\u00e9rgio Martins, os magistrados revalidaram senten\u00e7a do juiz David de Oliveira Gomes, da 1\u00aa Vara de Direitos Difusos, Coletivos e Individuais Homog\u00eaneos.<\/p>\n<p>O relator do processo, desembargador Divoncir Maran, foi pelo provimento do recurso e pela manuten\u00e7\u00e3o da decis\u00e3o do desembargador Vladimir Abreu da Silva, pela manuten\u00e7\u00e3o de <b>Gilmar Olarte<\/b> no cargo. No entanto, ele foi voto vencido e o agravo foi rejeitado pelos desembargadores S\u00e9rgio Fernandes Martins e T\u00e2nia Garcia de Freitas Borges.<\/p>\n<p><b>Alcides Bernal<\/b> foi eleito em outubro de 2012 com 270 mil votos no segundo turno, quando venceu o candidato Edson Giroto (PMDB). Ele assumiu em 1\u00ba de janeiro de 2013 e teve um mandato marcado por conflitos com a C\u00e2mara Municipal, problemas administrativos e foi alvo de v\u00e1rias investiga\u00e7\u00f5es do MPE (Minist\u00e9rio P\u00fablico Estadual).<\/p>\n<p>No primeiro ano de Governo, ele rompeu o contrato com a RDM, que fazia a arrecada\u00e7\u00e3o dos impostos atrasados. Bernal foi alvo da CPI do Calote, instalada pela C\u00e2mara Municipal para investigar o n\u00e3o cumprimento dos contratos e o n\u00e3o pagamento de fornecedores.<\/p>\n<p>Com base na investiga\u00e7\u00e3o, os vereadores instalaram a Comiss\u00e3o Processante contra Bernal em outubro de 2013 e o mandato foi cassado em uma sess\u00e3o tumultuada e tensa de 12 de mar\u00e7o de 2014.<\/p>\n<p>Investiga\u00e7\u00f5es da Pol\u00edcia Federal destacaram que a cassa\u00e7\u00e3o de Bernal foi articulada pelo empres\u00e1rio Jo\u00e3o Amorim. Grava\u00e7\u00f5es mostram o empres\u00e1rio definindo o futuro do ent\u00e3o prefeito com o presidente da C\u00e2mara Municipal, Mario Cesar Oliveira (PMDB).<\/p>\n<p>Nesta ter\u00e7a-feira, o Gaeco desencadeou o Opera\u00e7\u00e3o Coffee Break , que levou a deten\u00e7\u00e3o de oito vereadores, do secret\u00e1rio municipal de <b>Sa\u00fade<\/b>, Jamal Salem, e no afastamento de Olarte do cargo de prefeito e de Mario Cesar da C\u00e2mara Municipal.<\/p>\n<p>Por volta das 11h30 de hoje, o vice-presidente da C\u00e2mara Municipal, Flavio Cesar (PTdoB), anunciou que iria assumir o cargo de prefeito. Ele seria o terceiro prefeito da Capital em dois anos e meio. No entanto, n\u00e3o tomou posse, porque a solenidade n\u00e3o foi marcada.<\/p>\n<p>Agora, com a decis\u00e3o da Justi\u00e7a, Bernal deve retonar ao posto ap\u00f3s o afastamento, ocorrido h\u00e1 um ano e cinco meses.<\/p>\n<h5>Edivaldo Bitencourt e Leonardo Rocha &#8211; Campograndenews<\/h5>\n<\/div>\n<\/div>\n<\/div>\n<\/div>\n","protected":false},"excerpt":{"rendered":"<p>A 1\u00aa C\u00e2mara C\u00edvel do TJMS (Tribunal de Justi\u00e7a de Mato Grosso do Sul) julgou improcedente o recurso da C\u00e2mara Municipal e determinou a reintegra\u00e7\u00e3o do radialista Alcides Peralta Bernal (PP) ao cargo de prefeito de Campo Grande. Na decis\u00e3o da tarde de hoje (25), presidida pelo desembargador S\u00e9rgio Martins, os magistrados revalidaram senten\u00e7a do [&hellip;]<\/p>\n","protected":false},"author":4,"featured_media":8614,"comment_status":"closed","ping_status":"closed","sticky":false,"template":"","format":"standard","meta":{"footnotes":""},"categories":[37],"tags":[],"class_list":["post-8613","post","type-post","status-publish","format-standard","has-post-thumbnail","hentry","category-politica"],"_links":{"self":[{"href":"https:\/\/www.ocorreionews.com.br\/acervo-correio\/index.php?rest_route=\/wp\/v2\/posts\/8613","targetHints":{"allow":["GET"]}}],"collection":[{"href":"https:\/\/www.ocorreionews.com.br\/acervo-correio\/index.php?rest_route=\/wp\/v2\/posts"}],"about":[{"href":"https:\/\/www.ocorreionews.com.br\/acervo-correio\/index.php?rest_route=\/wp\/v2\/types\/post"}],"author":[{"embeddable":true,"href":"https:\/\/www.ocorreionews.com.br\/acervo-correio\/index.php?rest_route=\/wp\/v2\/users\/4"}],"replies":[{"embeddable":true,"href":"https:\/\/www.ocorreionews.com.br\/acervo-correio\/index.php?rest_route=%2Fwp%2Fv2%2Fcomments&post=8613"}],"version-history":[{"count":0,"href":"https:\/\/www.ocorreionews.com.br\/acervo-correio\/index.php?rest_route=\/wp\/v2\/posts\/8613\/revisions"}],"wp:featuredmedia":[{"embeddable":true,"href":"https:\/\/www.ocorreionews.com.br\/acervo-correio\/index.php?rest_route=\/wp\/v2\/media\/8614"}],"wp:attachment":[{"href":"https:\/\/www.ocorreionews.com.br\/acervo-correio\/index.php?rest_route=%2Fwp%2Fv2%2Fmedia&parent=8613"}],"wp:term":[{"taxonomy":"category","embeddable":true,"href":"https:\/\/www.ocorreionews.com.br\/acervo-correio\/index.php?rest_route=%2Fwp%2Fv2%2Fcategories&post=8613"},{"taxonomy":"post_tag","embeddable":true,"href":"https:\/\/www.ocorreionews.com.br\/acervo-correio\/index.php?rest_route=%2Fwp%2Fv2%2Ftags&post=8613"}],"curies":[{"name":"wp","href":"https:\/\/api.w.org\/{rel}","templated":true}]}}