{"id":8616,"date":"2015-08-25T22:30:48","date_gmt":"2015-08-26T02:30:48","guid":{"rendered":"https:\/\/ocorreionews.com.br\/?p=8616"},"modified":"2015-08-26T08:24:02","modified_gmt":"2015-08-26T12:24:02","slug":"motorista-perde-controle-colidem-em-poste-capota-e-crianca-de-3-anos-morre","status":"publish","type":"post","link":"https:\/\/www.ocorreionews.com.br\/acervo-correio\/?p=8616","title":{"rendered":"Crian\u00e7a de 3 anos morreu em acidente em Chapad\u00e3o do Sul"},"content":{"rendered":"<p style=\"text-align: justify;\">Um grave acidente na rua Dourados, no Parque Uni\u00e3o de Chapad\u00e3o do Sul, envolveu uma fam\u00edlia e vitimou o filho do casal de 03 anos de idade.<\/p>\n<p style=\"text-align: justify;\">E. A. L., ap\u00f3s deixar sua m\u00e3e em casa, dirigiu-se para sua resid\u00eancia, mas acabou perdendo o controle do seu ve\u00edculo Corsa, prata, placas AIB de Cuiab\u00e1 \u2013 MT, bateu violentamente em um poste e capotou.<\/p>\n<p style=\"text-align: justify;\">Dentro do ve\u00edculo estava a sua esposa, E. G. M. e o filho menor de 03 anos, Kaique Enzon Gomes Lima, que teve parte da sua cabe\u00e7a esmagada e segundo os socorristas, acabou vindo a \u00f3bito, quando deu entrada no hospital. O Pai e a m\u00e3e tiveram apenas pequenas escoria\u00e7\u00f5es. As v\u00edtimas foram socorridas pelo corpo de bombeiros. Populares, levantaram o ve\u00edculo para retirada das v\u00edtimas, que estava debaixo do carro.<\/p>\n<p style=\"text-align: justify;\">A Pol\u00edcia Militar e a Pol\u00edcia Civil estiveram no local e constataram que o carro estava com placas diferentes. Na frente, a placa de um Uno: AIB 7168 e a de tr\u00e1s, AIB 7108, ambas de Cuiab\u00e1 (MT).<\/p>\n<p style=\"text-align: justify;\">No Hospital o motorista afirmou que ele foi fechado por um carro Monza vermelho, que cruzou a rua Dourados e provocou o acidente. Segundo Informa\u00e7\u00f5es, a Policia localizou e prendeu o motorista do Monza.<\/p>\n<p style=\"text-align: justify;\">No local centenas de pessoas se aglomeram para ver o acidente. Testemunhas afirmaram que o ve\u00edculo estava em alta velocidade.<\/p>\n<p style=\"text-align: justify;\">Nesta quarta-feira novas informa\u00e7\u00f5es sobre o caso.<\/p>\n<p style=\"text-align: justify;\"><a href=\"https:\/\/ocorreionews.com.br\/wp-content\/uploads\/2015\/08\/DSC_2091.jpg\"><img loading=\"lazy\" decoding=\"async\" class=\"alignnone size-full wp-image-8619\" src=\"https:\/\/ocorreionews.com.br\/wp-content\/uploads\/2015\/08\/DSC_2091.jpg\" alt=\"DSC_2091\" width=\"800\" height=\"531\" srcset=\"https:\/\/www.ocorreionews.com.br\/acervo-correio\/wp-content\/uploads\/2015\/08\/DSC_2091.jpg 800w, https:\/\/www.ocorreionews.com.br\/acervo-correio\/wp-content\/uploads\/2015\/08\/DSC_2091-300x199.jpg 300w\" sizes=\"auto, (max-width: 800px) 100vw, 800px\" \/><\/a><a href=\"https:\/\/ocorreionews.com.br\/wp-content\/uploads\/2015\/08\/DSC_2092.jpg\"><img loading=\"lazy\" decoding=\"async\" class=\"alignnone size-full wp-image-8620\" src=\"https:\/\/ocorreionews.com.br\/wp-content\/uploads\/2015\/08\/DSC_2092.jpg\" alt=\"DSC_2092\" width=\"800\" height=\"531\" srcset=\"https:\/\/www.ocorreionews.com.br\/acervo-correio\/wp-content\/uploads\/2015\/08\/DSC_2092.jpg 800w, https:\/\/www.ocorreionews.com.br\/acervo-correio\/wp-content\/uploads\/2015\/08\/DSC_2092-300x199.jpg 300w\" sizes=\"auto, (max-width: 800px) 100vw, 800px\" \/><\/a><a href=\"https:\/\/ocorreionews.com.br\/wp-content\/uploads\/2015\/08\/DSC_2093.jpg\"><img loading=\"lazy\" decoding=\"async\" class=\"alignnone size-full wp-image-8621\" src=\"https:\/\/ocorreionews.com.br\/wp-content\/uploads\/2015\/08\/DSC_2093.jpg\" alt=\"DSC_2093\" width=\"800\" height=\"531\" srcset=\"https:\/\/www.ocorreionews.com.br\/acervo-correio\/wp-content\/uploads\/2015\/08\/DSC_2093.jpg 800w, https:\/\/www.ocorreionews.com.br\/acervo-correio\/wp-content\/uploads\/2015\/08\/DSC_2093-300x199.jpg 300w\" sizes=\"auto, (max-width: 800px) 100vw, 800px\" \/><\/a><\/p>\n<p style=\"text-align: justify;\"><a href=\"https:\/\/ocorreionews.com.br\/wp-content\/uploads\/2015\/08\/DSC_2089.jpg\"><img loading=\"lazy\" decoding=\"async\" class=\"alignnone size-full wp-image-8617\" src=\"https:\/\/ocorreionews.com.br\/wp-content\/uploads\/2015\/08\/DSC_2089.jpg\" alt=\"DSC_2089\" width=\"800\" height=\"531\" srcset=\"https:\/\/www.ocorreionews.com.br\/acervo-correio\/wp-content\/uploads\/2015\/08\/DSC_2089.jpg 800w, https:\/\/www.ocorreionews.com.br\/acervo-correio\/wp-content\/uploads\/2015\/08\/DSC_2089-300x199.jpg 300w\" sizes=\"auto, (max-width: 800px) 100vw, 800px\" \/><\/a><\/p>\n","protected":false},"excerpt":{"rendered":"<p>Um grave acidente na rua Dourados, no Parque Uni\u00e3o de Chapad\u00e3o do Sul, envolveu uma fam\u00edlia e vitimou o filho do casal de 03 anos de idade. E. A. L., ap\u00f3s deixar sua m\u00e3e em casa, dirigiu-se para sua resid\u00eancia, mas acabou perdendo o controle do seu ve\u00edculo Corsa, prata, placas AIB de Cuiab\u00e1 \u2013 [&hellip;]<\/p>\n","protected":false},"author":4,"featured_media":8618,"comment_status":"closed","ping_status":"closed","sticky":false,"template":"","format":"standard","meta":{"footnotes":""},"categories":[38],"tags":[],"class_list":["post-8616","post","type-post","status-publish","format-standard","has-post-thumbnail","hentry","category-policia"],"_links":{"self":[{"href":"https:\/\/www.ocorreionews.com.br\/acervo-correio\/index.php?rest_route=\/wp\/v2\/posts\/8616","targetHints":{"allow":["GET"]}}],"collection":[{"href":"https:\/\/www.ocorreionews.com.br\/acervo-correio\/index.php?rest_route=\/wp\/v2\/posts"}],"about":[{"href":"https:\/\/www.ocorreionews.com.br\/acervo-correio\/index.php?rest_route=\/wp\/v2\/types\/post"}],"author":[{"embeddable":true,"href":"https:\/\/www.ocorreionews.com.br\/acervo-correio\/index.php?rest_route=\/wp\/v2\/users\/4"}],"replies":[{"embeddable":true,"href":"https:\/\/www.ocorreionews.com.br\/acervo-correio\/index.php?rest_route=%2Fwp%2Fv2%2Fcomments&post=8616"}],"version-history":[{"count":0,"href":"https:\/\/www.ocorreionews.com.br\/acervo-correio\/index.php?rest_route=\/wp\/v2\/posts\/8616\/revisions"}],"wp:featuredmedia":[{"embeddable":true,"href":"https:\/\/www.ocorreionews.com.br\/acervo-correio\/index.php?rest_route=\/wp\/v2\/media\/8618"}],"wp:attachment":[{"href":"https:\/\/www.ocorreionews.com.br\/acervo-correio\/index.php?rest_route=%2Fwp%2Fv2%2Fmedia&parent=8616"}],"wp:term":[{"taxonomy":"category","embeddable":true,"href":"https:\/\/www.ocorreionews.com.br\/acervo-correio\/index.php?rest_route=%2Fwp%2Fv2%2Fcategories&post=8616"},{"taxonomy":"post_tag","embeddable":true,"href":"https:\/\/www.ocorreionews.com.br\/acervo-correio\/index.php?rest_route=%2Fwp%2Fv2%2Ftags&post=8616"}],"curies":[{"name":"wp","href":"https:\/\/api.w.org\/{rel}","templated":true}]}}