{"id":865,"date":"2015-05-06T09:42:11","date_gmt":"2015-05-06T13:42:11","guid":{"rendered":"https:\/\/ocorreionews.com.br\/?p=865"},"modified":"2018-08-20T22:34:06","modified_gmt":"2018-08-21T02:34:06","slug":"2-moto-show-tem-a-presenca-de-cachorrao-moto-show","status":"publish","type":"post","link":"https:\/\/www.ocorreionews.com.br\/acervo-correio\/?p=865","title":{"rendered":"2\u00b0 Moto Show tem a presen\u00e7a de Cachorr\u00e3o Moto Show"},"content":{"rendered":"<blockquote>\n<h3 style=\"text-align: justify;\"><strong>Associa\u00e7\u00e3o Moto Clube e Trilheiros de Costa Rica Realizam Evento no Dia 12 de Maio e acontece no centro de eventos Ramez Tebet em Costa Rica em comemora\u00e7\u00e3o ao anivers\u00e1rio do Munic\u00edpio.<\/strong><\/h3>\n<p style=\"text-align: justify;\">A 2\u00b0 edi\u00e7\u00e3o do Moto Show promete agitar a cidade de Costa Rica, no 12 de Maio Entre as atra\u00e7\u00f5es, destaque para o Cachorr\u00e3o Moto Show, um espet\u00e1culo de manobras radicais.<\/p>\n<p style=\"text-align: justify;\">Logo pela manh\u00e3 \u00a0acontece uma concentra\u00e7\u00e3o no bairro S\u00e3o Francisco, os motociclistas percorrer\u00e3o toda a avenida Jos\u00e9 Ferreira da Costa com chegada no centro de eventos Ramez Tebet onde acontece o Hasteamento das Bandeiras, logo ap\u00f3s as atividades dos Trilheiros onde ser\u00e1 inaugurada a \u201cTrilha Guanabara\u201d<\/p>\n<p style=\"text-align: justify;\">Cachorr\u00e3o se apresenta na parte da tarde onde a popula\u00e7\u00e3o local e visitantes acompanhar\u00e1 seu espet\u00e1culo que costuma alucinar a galera, pois conta com diversas acrobacias praticadas.<\/p>\n<p style=\"text-align: justify;\">O Eventos faz parte das comemora\u00e7\u00f5es dos 35 anos do Munic\u00edpio.<\/p>\n<p style=\"text-align: justify;\">CACHORR\u00c3O PROTORK MOTO SHOW \u00e9 o mais inovador show radical realizado por um s\u00f3 piloto. Durante as apresenta\u00e7\u00f5es, Wesley Rodrigues de Oliveira \u2013 \u201cCachorr\u00e3o\u201d, desenvolve manobras radicais com uma bicicleta, tr\u00eas motos de 135 \u00e0 750 cilindradas e um Kart, totalmente preparados e adaptados para realiza\u00e7\u00e3o de um espet\u00e1culo \u00fanico e in\u00e9dito no Brasil.<\/p>\n<p style=\"text-align: justify;\">Durante as apresenta\u00e7\u00f5es, Wesley apresenta uma variada sequ\u00eancia de manobras do estilo zerinho borrach\u00e3o, giros espetaculares de 720\u00ba com seu Kart, wheeling estilo americano, Flatland e Freestyle com sua bike S&amp;M Sabbath e loucuras impressionantes de se ver, sempre respeitando os limites das m\u00e1quinas e garantindo uma vibra\u00e7\u00e3o plurificada pelos eventos que participa.<\/p>\n<p style=\"text-align: justify;\">CACHORR\u00c3O PROTORK MOTO SHOW apresenta-se profissionalmente desde o ano de 2003, realizando o seu \u201cCrazy Show\u201d por diversos encontros motocicl\u00edsticos, anivers\u00e1rio de cidades, feiras agropecu\u00e1rias, etc.<\/p>\n<p style=\"text-align: justify;\">CR M\u00eddia<\/p>\n<\/blockquote>\n","protected":false},"excerpt":{"rendered":"<p>Associa\u00e7\u00e3o Moto Clube e Trilheiros de Costa Rica Realizam Evento no Dia 12 de Maio e acontece no centro de eventos Ramez Tebet em Costa Rica em comemora\u00e7\u00e3o ao anivers\u00e1rio do Munic\u00edpio. A 2\u00b0 edi\u00e7\u00e3o do Moto Show promete agitar a cidade de Costa Rica, no 12 de Maio Entre as atra\u00e7\u00f5es, destaque para o [&hellip;]<\/p>\n","protected":false},"author":4,"featured_media":866,"comment_status":"closed","ping_status":"closed","sticky":false,"template":"","format":"standard","meta":{"footnotes":""},"categories":[25,41],"tags":[],"class_list":["post-865","post","type-post","status-publish","format-standard","has-post-thumbnail","hentry","category-costa-rica","category-destaque"],"_links":{"self":[{"href":"https:\/\/www.ocorreionews.com.br\/acervo-correio\/index.php?rest_route=\/wp\/v2\/posts\/865","targetHints":{"allow":["GET"]}}],"collection":[{"href":"https:\/\/www.ocorreionews.com.br\/acervo-correio\/index.php?rest_route=\/wp\/v2\/posts"}],"about":[{"href":"https:\/\/www.ocorreionews.com.br\/acervo-correio\/index.php?rest_route=\/wp\/v2\/types\/post"}],"author":[{"embeddable":true,"href":"https:\/\/www.ocorreionews.com.br\/acervo-correio\/index.php?rest_route=\/wp\/v2\/users\/4"}],"replies":[{"embeddable":true,"href":"https:\/\/www.ocorreionews.com.br\/acervo-correio\/index.php?rest_route=%2Fwp%2Fv2%2Fcomments&post=865"}],"version-history":[{"count":0,"href":"https:\/\/www.ocorreionews.com.br\/acervo-correio\/index.php?rest_route=\/wp\/v2\/posts\/865\/revisions"}],"wp:featuredmedia":[{"embeddable":true,"href":"https:\/\/www.ocorreionews.com.br\/acervo-correio\/index.php?rest_route=\/wp\/v2\/media\/866"}],"wp:attachment":[{"href":"https:\/\/www.ocorreionews.com.br\/acervo-correio\/index.php?rest_route=%2Fwp%2Fv2%2Fmedia&parent=865"}],"wp:term":[{"taxonomy":"category","embeddable":true,"href":"https:\/\/www.ocorreionews.com.br\/acervo-correio\/index.php?rest_route=%2Fwp%2Fv2%2Fcategories&post=865"},{"taxonomy":"post_tag","embeddable":true,"href":"https:\/\/www.ocorreionews.com.br\/acervo-correio\/index.php?rest_route=%2Fwp%2Fv2%2Ftags&post=865"}],"curies":[{"name":"wp","href":"https:\/\/api.w.org\/{rel}","templated":true}]}}