{"id":868,"date":"2015-05-06T10:09:25","date_gmt":"2015-05-06T14:09:25","guid":{"rendered":"https:\/\/ocorreionews.com.br\/?p=868"},"modified":"2018-08-20T22:34:06","modified_gmt":"2018-08-21T02:34:06","slug":"costa-rica-camara-realiza-sessao-solene-da-entrega-de-titulos-de-cidadao-costarriquense","status":"publish","type":"post","link":"https:\/\/www.ocorreionews.com.br\/acervo-correio\/?p=868","title":{"rendered":"Costa Rica:  C\u00e2mara realiza sess\u00e3o solene da entrega de t\u00edtulos de Cidad\u00e3o Costarriquense"},"content":{"rendered":"<p style=\"text-align: justify;\">A <a href=\"http:\/\/www.cmcostarica.ms.gov.br\/default.asp\"><strong>C\u00e2mara Municipal de Vereadores <\/strong><\/a>promove, por interm\u00e9dio de seus parlamentares e em conformidade com o Regimento Interno, realiza no pr\u00f3ximo s\u00e1bado (09), \u00e0s 14h30min, no Plen\u00e1rio Vereador Simino Jorge de Oliveira &#8211; a entrega de T\u00edtulos de Cidad\u00e3o Costarriquense \u00e0s personalidades que contribu\u00edram para o crescimento de Costa Rica \u2013 MS.<\/p>\n<p style=\"text-align: justify;\">\n<p style=\"text-align: justify;\">A solenidade faz parte da programa\u00e7\u00e3o de anivers\u00e1rio dos 35 anos de Emancipa\u00e7\u00e3o Pol\u00edtico-administrativa de Costa Rica. O presidente da Casa Jos\u00e9 Augusto Maia Vasconcellos convida toda a comunidade, bem como os familiares e amigos dos homenageados para participarem da seda homenagem.<\/p>\n<p style=\"text-align: justify;\">\n<p style=\"text-align: justify;\">\u201cA Sess\u00e3o Solene ser\u00e1 um momento especial do Poder Legislativo. Talvez o mais importante, quando condecoramos pessoas que, por seus atos not\u00f3rios, contribu\u00edram pelo desenvolvimento de nosso munic\u00edpio\u201d, declarou o presidente Maia.<\/p>\n<p style=\"text-align: justify;\">\n<p style=\"text-align: justify;\">Conforme a Resolu\u00e7\u00e3o N\u00b0 005\/2014, os homenageados s\u00e3o: a senadora da Rep\u00fablica Simone Nassar Tebet, o deputado Federal Carlos Eduardo Xavier Marum, o presidente da 24\u00aa Regi\u00e3o do TRT\/MS \u2013 Tribunal Regional do Trabalho de Mato Grosso do Sul &#8211; desembargador Francisco das Chagas Lima Filho, o ex-deputado Federal Akira Otsubo e o prefeito de Para\u00edso das \u00c1guas \u2013 MS Ivan da Cruz Pereira.<\/p>\n<p style=\"text-align: justify;\">\n<p style=\"text-align: justify;\">E ainda, os promotores de Justi\u00e7a da Comarca de Costa Rica: George C\u00e1ssio Tiosso Abbud e Bol\u00edvar Lu\u00eds da Costa Vieira; o vice-prefeito de Costa Rica Roberto Rodrigues, o ex-prefeito Laurindo Correia de Oliveira, o assessor Legislativo Municipal Louren\u00e7o Filisbino Paula, Jos\u00e9 Carlos Damiano; Maria Em\u00edlia Rezende de Moraes; Aberto de Oliveira Rodi e Aparecido Leonel do Carmo que elegeram Costa Rica para viver e constituir suas fam\u00edlias.<\/p>\n<p style=\"text-align: justify;\">Costaricaemfoco<\/p>\n","protected":false},"excerpt":{"rendered":"<p>A C\u00e2mara Municipal de Vereadores promove, por interm\u00e9dio de seus parlamentares e em conformidade com o Regimento Interno, realiza no pr\u00f3ximo s\u00e1bado (09), \u00e0s 14h30min, no Plen\u00e1rio Vereador Simino Jorge de Oliveira &#8211; a entrega de T\u00edtulos de Cidad\u00e3o Costarriquense \u00e0s personalidades que contribu\u00edram para o crescimento de Costa Rica \u2013 MS. A solenidade faz [&hellip;]<\/p>\n","protected":false},"author":4,"featured_media":869,"comment_status":"closed","ping_status":"closed","sticky":false,"template":"","format":"standard","meta":{"footnotes":""},"categories":[25],"tags":[],"class_list":["post-868","post","type-post","status-publish","format-standard","has-post-thumbnail","hentry","category-costa-rica"],"_links":{"self":[{"href":"https:\/\/www.ocorreionews.com.br\/acervo-correio\/index.php?rest_route=\/wp\/v2\/posts\/868","targetHints":{"allow":["GET"]}}],"collection":[{"href":"https:\/\/www.ocorreionews.com.br\/acervo-correio\/index.php?rest_route=\/wp\/v2\/posts"}],"about":[{"href":"https:\/\/www.ocorreionews.com.br\/acervo-correio\/index.php?rest_route=\/wp\/v2\/types\/post"}],"author":[{"embeddable":true,"href":"https:\/\/www.ocorreionews.com.br\/acervo-correio\/index.php?rest_route=\/wp\/v2\/users\/4"}],"replies":[{"embeddable":true,"href":"https:\/\/www.ocorreionews.com.br\/acervo-correio\/index.php?rest_route=%2Fwp%2Fv2%2Fcomments&post=868"}],"version-history":[{"count":0,"href":"https:\/\/www.ocorreionews.com.br\/acervo-correio\/index.php?rest_route=\/wp\/v2\/posts\/868\/revisions"}],"wp:featuredmedia":[{"embeddable":true,"href":"https:\/\/www.ocorreionews.com.br\/acervo-correio\/index.php?rest_route=\/wp\/v2\/media\/869"}],"wp:attachment":[{"href":"https:\/\/www.ocorreionews.com.br\/acervo-correio\/index.php?rest_route=%2Fwp%2Fv2%2Fmedia&parent=868"}],"wp:term":[{"taxonomy":"category","embeddable":true,"href":"https:\/\/www.ocorreionews.com.br\/acervo-correio\/index.php?rest_route=%2Fwp%2Fv2%2Fcategories&post=868"},{"taxonomy":"post_tag","embeddable":true,"href":"https:\/\/www.ocorreionews.com.br\/acervo-correio\/index.php?rest_route=%2Fwp%2Fv2%2Ftags&post=868"}],"curies":[{"name":"wp","href":"https:\/\/api.w.org\/{rel}","templated":true}]}}