{"id":871,"date":"2015-05-06T10:28:42","date_gmt":"2015-05-06T14:28:42","guid":{"rendered":"https:\/\/ocorreionews.com.br\/?p=871"},"modified":"2018-08-20T22:34:07","modified_gmt":"2018-08-21T02:34:07","slug":"camara-de-chapadao-do-sul-faz-convenio-com-a-cassems","status":"publish","type":"post","link":"https:\/\/www.ocorreionews.com.br\/acervo-correio\/?p=871","title":{"rendered":"C\u00e2mara de Chapad\u00e3o do Sul ter\u00e1 conv\u00eanio com a CASSEMS"},"content":{"rendered":"<p style=\"text-align: justify;\">Foi aprovado na \u00faltima sess\u00e3o da c\u00e2mara o projeto de lei da mesa diretora, que autoriza o Poder Legislativo, firmar conv\u00eanio com a CASSEMS, para beneficiar os seus servidores.<\/p>\n<p style=\"text-align: justify;\">De acordo com o projeto, a C\u00e2mara vai pagar 70% do valor das mensalidades do conv\u00eanio e os 30%, ser\u00e3o custeados pelos funcion\u00e1rios.<\/p>\n<p style=\"text-align: justify;\">Falando com a presidente Sonia Maran, ele explicou que a CASSEMS \u00e9 hoje um dos melhores conv\u00eanios, que tem um atendimento diferenciado aos seus conveniados e possui um hospital pr\u00f3prio no estado.<\/p>\n<p style=\"text-align: justify;\">Maran afirmou que o custeio de 70% \u00e9 uma maneira de compensar as percas do funcionalismo, que pretendiam um aumento de 10%, mas, infelizmente o prefeito n\u00e3o concordou e com isso, o Legislativo tem que acompanhar o do Executivo, tamb\u00e9m deu o percentual abaixo do pretendido.<\/p>\n<p style=\"text-align: justify;\"><a href=\"https:\/\/ocorreionews.com.br\/wp-content\/uploads\/2015\/05\/1378224_581199838659798_109646592_n.jpg\">S<\/a>\u00f4nia disse a nossa reportagem, que tamb\u00e9m realizou visitas e pediu informa\u00e7\u00f5es de outras c\u00e2maras que tem esse convenio e todas foram un\u00e2nimes em dar parecer positivo.<\/p>\n","protected":false},"excerpt":{"rendered":"<p>Foi aprovado na \u00faltima sess\u00e3o da c\u00e2mara o projeto de lei da mesa diretora, que autoriza o Poder Legislativo, firmar conv\u00eanio com a CASSEMS, para beneficiar os seus servidores. De acordo com o projeto, a C\u00e2mara vai pagar 70% do valor das mensalidades do conv\u00eanio e os 30%, ser\u00e3o custeados pelos funcion\u00e1rios. Falando com a [&hellip;]<\/p>\n","protected":false},"author":4,"featured_media":883,"comment_status":"closed","ping_status":"closed","sticky":false,"template":"","format":"standard","meta":{"footnotes":""},"categories":[20],"tags":[],"class_list":["post-871","post","type-post","status-publish","format-standard","has-post-thumbnail","hentry","category-camara-municipal"],"_links":{"self":[{"href":"https:\/\/www.ocorreionews.com.br\/acervo-correio\/index.php?rest_route=\/wp\/v2\/posts\/871","targetHints":{"allow":["GET"]}}],"collection":[{"href":"https:\/\/www.ocorreionews.com.br\/acervo-correio\/index.php?rest_route=\/wp\/v2\/posts"}],"about":[{"href":"https:\/\/www.ocorreionews.com.br\/acervo-correio\/index.php?rest_route=\/wp\/v2\/types\/post"}],"author":[{"embeddable":true,"href":"https:\/\/www.ocorreionews.com.br\/acervo-correio\/index.php?rest_route=\/wp\/v2\/users\/4"}],"replies":[{"embeddable":true,"href":"https:\/\/www.ocorreionews.com.br\/acervo-correio\/index.php?rest_route=%2Fwp%2Fv2%2Fcomments&post=871"}],"version-history":[{"count":0,"href":"https:\/\/www.ocorreionews.com.br\/acervo-correio\/index.php?rest_route=\/wp\/v2\/posts\/871\/revisions"}],"wp:featuredmedia":[{"embeddable":true,"href":"https:\/\/www.ocorreionews.com.br\/acervo-correio\/index.php?rest_route=\/wp\/v2\/media\/883"}],"wp:attachment":[{"href":"https:\/\/www.ocorreionews.com.br\/acervo-correio\/index.php?rest_route=%2Fwp%2Fv2%2Fmedia&parent=871"}],"wp:term":[{"taxonomy":"category","embeddable":true,"href":"https:\/\/www.ocorreionews.com.br\/acervo-correio\/index.php?rest_route=%2Fwp%2Fv2%2Fcategories&post=871"},{"taxonomy":"post_tag","embeddable":true,"href":"https:\/\/www.ocorreionews.com.br\/acervo-correio\/index.php?rest_route=%2Fwp%2Fv2%2Ftags&post=871"}],"curies":[{"name":"wp","href":"https:\/\/api.w.org\/{rel}","templated":true}]}}