{"id":873,"date":"2015-05-06T10:26:20","date_gmt":"2015-05-06T14:26:20","guid":{"rendered":"https:\/\/ocorreionews.com.br\/?p=873"},"modified":"2018-08-20T22:34:07","modified_gmt":"2018-08-21T02:34:07","slug":"denatran-nao-se-posiciona-e-taxa-de-vistoria-e-mantida","status":"publish","type":"post","link":"https:\/\/www.ocorreionews.com.br\/acervo-correio\/?p=873","title":{"rendered":"Denatran n\u00e3o se posiciona e taxa de vistoria \u00e9 mantida"},"content":{"rendered":"<p>Enquanto o Departamento Nacional de Tr\u00e2nsito (Denatran) n\u00e3o emite parecer oficial sobre a cobran\u00e7a da taxa de vistoria obrigat\u00f3ria de licenciamento para ve\u00edculos com mais de cinco anos de fabrica\u00e7\u00e3o, a taxa, que agora \u00e9 de R$ 106,35, vai continuar sendo cobrada sem nenhum tipo de desconto. Quem possui ve\u00edculo nessas condi\u00e7\u00f5es e com placa de final 1 e 2 tem at\u00e9 o dia 29 de maio para fazer a vistoria, levando-se em conta a prorroga\u00e7\u00e3o de prazo dada pelo governo do Estado.<\/p>\n<p>Segundo a assessoria de imprensa do Denatran, o Departamento Estadual de Tr\u00e2nsito de Mato Grosso do Sul (Detran-MS) solicitou \u201creconsidera\u00e7\u00e3o sobre o parecer t\u00e9cnico do Denatran\u201d, que recomendava a extin\u00e7\u00e3o da taxa por consider\u00e1-la ilegal. O departamento nacional est\u00e1 fazendo an\u00e1lise do pedido e n\u00e3o tem previs\u00e3o para uma resposta.<\/p>\n<p>J\u00e1 para o diretor-presidente do Detran-MS, Gerson Claro, o que ocorreu foi um equ\u00edvoco no entendimento do Denatran sobre a taxa e, em reuni\u00e3o na semana passada, teria sido esclarecido que a cobran\u00e7a se trata, de fato, de uma vistoria e n\u00e3o de inspe\u00e7\u00e3o veicular. \u201cO Detran vai continuar realizando a vistoria veicular, conforme determina o artigo 22 (do C\u00f3digo de Tr\u00e2nsito). \u00c9 compet\u00eancia do Detran vistoriar ve\u00edculos e, com base nesse artigo, \u00e9 realizado a vistoria\u201d, esclareceu.<\/p>\n","protected":false},"excerpt":{"rendered":"<p>Enquanto o Departamento Nacional de Tr\u00e2nsito (Denatran) n\u00e3o emite parecer oficial sobre a cobran\u00e7a da taxa de vistoria obrigat\u00f3ria de licenciamento para ve\u00edculos com mais de cinco anos de fabrica\u00e7\u00e3o, a taxa, que agora \u00e9 de R$ 106,35, vai continuar sendo cobrada sem nenhum tipo de desconto. Quem possui ve\u00edculo nessas condi\u00e7\u00f5es e com placa [&hellip;]<\/p>\n","protected":false},"author":4,"featured_media":222,"comment_status":"closed","ping_status":"closed","sticky":false,"template":"","format":"standard","meta":{"footnotes":""},"categories":[26],"tags":[],"class_list":["post-873","post","type-post","status-publish","format-standard","has-post-thumbnail","hentry","category-economia"],"_links":{"self":[{"href":"https:\/\/www.ocorreionews.com.br\/acervo-correio\/index.php?rest_route=\/wp\/v2\/posts\/873","targetHints":{"allow":["GET"]}}],"collection":[{"href":"https:\/\/www.ocorreionews.com.br\/acervo-correio\/index.php?rest_route=\/wp\/v2\/posts"}],"about":[{"href":"https:\/\/www.ocorreionews.com.br\/acervo-correio\/index.php?rest_route=\/wp\/v2\/types\/post"}],"author":[{"embeddable":true,"href":"https:\/\/www.ocorreionews.com.br\/acervo-correio\/index.php?rest_route=\/wp\/v2\/users\/4"}],"replies":[{"embeddable":true,"href":"https:\/\/www.ocorreionews.com.br\/acervo-correio\/index.php?rest_route=%2Fwp%2Fv2%2Fcomments&post=873"}],"version-history":[{"count":0,"href":"https:\/\/www.ocorreionews.com.br\/acervo-correio\/index.php?rest_route=\/wp\/v2\/posts\/873\/revisions"}],"wp:featuredmedia":[{"embeddable":true,"href":"https:\/\/www.ocorreionews.com.br\/acervo-correio\/index.php?rest_route=\/wp\/v2\/media\/222"}],"wp:attachment":[{"href":"https:\/\/www.ocorreionews.com.br\/acervo-correio\/index.php?rest_route=%2Fwp%2Fv2%2Fmedia&parent=873"}],"wp:term":[{"taxonomy":"category","embeddable":true,"href":"https:\/\/www.ocorreionews.com.br\/acervo-correio\/index.php?rest_route=%2Fwp%2Fv2%2Fcategories&post=873"},{"taxonomy":"post_tag","embeddable":true,"href":"https:\/\/www.ocorreionews.com.br\/acervo-correio\/index.php?rest_route=%2Fwp%2Fv2%2Ftags&post=873"}],"curies":[{"name":"wp","href":"https:\/\/api.w.org\/{rel}","templated":true}]}}