{"id":876,"date":"2015-05-06T10:09:16","date_gmt":"2015-05-06T14:09:16","guid":{"rendered":"https:\/\/ocorreionews.com.br\/?p=876"},"modified":"2018-08-20T22:34:06","modified_gmt":"2018-08-21T02:34:06","slug":"comunicado-todos-unidos-contra-a-dengue","status":"publish","type":"post","link":"https:\/\/www.ocorreionews.com.br\/acervo-correio\/?p=876","title":{"rendered":"Comunicado \u2013 Todos unidos contra a Dengue"},"content":{"rendered":"<p>A prefeitura municipal de Para\u00edso das \u00c1guas e Secretaria municipal de sa\u00fade comunica \u00a0toda a popula\u00e7\u00e3o que foi relaizado nos dias 22,23 e 24 de abril, levantamento dos terrenos que est\u00e3o sujos de matos ou lixos que acumulem \u00e1guas e fossas sem tampa, os propriet\u00e1rios ser\u00e3o noticificados para que realizem a limpeza dos mesmo num prazo de quinze dias.<\/p>\n<p>Ap\u00f3s este prazo ser\u00e1 realizado nova vistoria, aqueles propriet\u00e1rios que n\u00e3o realizarem a limpeza ser\u00e1 novamente notificado e encaminhado a Promotoria de Justi\u00e7a de Chapad\u00e3o do Sul, onde a Promotoria ir\u00e1 intimar os Propriet\u00e1rios para aplicar multa conforme Lei n\u00ba139, de 12 de Dezembro de 1989.<\/p>\n<p>Dengue Mata!<\/p>\n<p>Vamos manter nossos terrenos limpos.<\/p>\n<p>&nbsp;<\/p>\n<p><em><strong>Fonte: ASSECOM PMPA<\/strong><\/em><\/p>\n","protected":false},"excerpt":{"rendered":"<p>A prefeitura municipal de Para\u00edso das \u00c1guas e Secretaria municipal de sa\u00fade comunica \u00a0toda a popula\u00e7\u00e3o que foi relaizado nos dias 22,23 e 24 de abril, levantamento dos terrenos que est\u00e3o sujos de matos ou lixos que acumulem \u00e1guas e fossas sem tampa, os propriet\u00e1rios ser\u00e3o noticificados para que realizem a limpeza dos mesmo num [&hellip;]<\/p>\n","protected":false},"author":4,"featured_media":877,"comment_status":"closed","ping_status":"closed","sticky":false,"template":"","format":"standard","meta":{"footnotes":""},"categories":[36],"tags":[],"class_list":["post-876","post","type-post","status-publish","format-standard","has-post-thumbnail","hentry","category-paraiso-das-aguas"],"_links":{"self":[{"href":"https:\/\/www.ocorreionews.com.br\/acervo-correio\/index.php?rest_route=\/wp\/v2\/posts\/876","targetHints":{"allow":["GET"]}}],"collection":[{"href":"https:\/\/www.ocorreionews.com.br\/acervo-correio\/index.php?rest_route=\/wp\/v2\/posts"}],"about":[{"href":"https:\/\/www.ocorreionews.com.br\/acervo-correio\/index.php?rest_route=\/wp\/v2\/types\/post"}],"author":[{"embeddable":true,"href":"https:\/\/www.ocorreionews.com.br\/acervo-correio\/index.php?rest_route=\/wp\/v2\/users\/4"}],"replies":[{"embeddable":true,"href":"https:\/\/www.ocorreionews.com.br\/acervo-correio\/index.php?rest_route=%2Fwp%2Fv2%2Fcomments&post=876"}],"version-history":[{"count":0,"href":"https:\/\/www.ocorreionews.com.br\/acervo-correio\/index.php?rest_route=\/wp\/v2\/posts\/876\/revisions"}],"wp:featuredmedia":[{"embeddable":true,"href":"https:\/\/www.ocorreionews.com.br\/acervo-correio\/index.php?rest_route=\/wp\/v2\/media\/877"}],"wp:attachment":[{"href":"https:\/\/www.ocorreionews.com.br\/acervo-correio\/index.php?rest_route=%2Fwp%2Fv2%2Fmedia&parent=876"}],"wp:term":[{"taxonomy":"category","embeddable":true,"href":"https:\/\/www.ocorreionews.com.br\/acervo-correio\/index.php?rest_route=%2Fwp%2Fv2%2Fcategories&post=876"},{"taxonomy":"post_tag","embeddable":true,"href":"https:\/\/www.ocorreionews.com.br\/acervo-correio\/index.php?rest_route=%2Fwp%2Fv2%2Ftags&post=876"}],"curies":[{"name":"wp","href":"https:\/\/api.w.org\/{rel}","templated":true}]}}