{"id":880,"date":"2015-05-06T10:44:43","date_gmt":"2015-05-06T14:44:43","guid":{"rendered":"https:\/\/ocorreionews.com.br\/?p=880"},"modified":"2018-08-20T22:34:07","modified_gmt":"2018-08-21T02:34:07","slug":"motorista-fica-gravemente-ferido-em-colisao-entre-carro-e-carreta-na-br-163","status":"publish","type":"post","link":"https:\/\/www.ocorreionews.com.br\/acervo-correio\/?p=880","title":{"rendered":"Motorista fica gravemente ferido em colis\u00e3o entre carro e carreta na BR-163"},"content":{"rendered":"<p>Um homem identificado at\u00e9 o momento como Marc\u00edlio Bitencourt S. Gomes, de 26 anos, ficou gravemente ferido numa colis\u00e3o envolvendo um carro e uma carreta.<\/p>\n<p>O acidente ocorreu por volta das 4h40 desta quarta-feira (6), no quil\u00f4metro 653 da BR-163, entre Rio Verde e S\u00e3o Gabriel do Oeste. Por enquanto, a pol\u00edcia encontrou, apenas, um cart\u00e3o de banco com o nome informado. Documentos da v\u00edtima n\u00e3o foram localizados.<\/p>\n<p>Segundo informa\u00e7\u00f5es preliminares, Gomes seguia em um Fiat Uno, com placas de Rio Verde, no sentido norte quando o ve\u00edculo invadiu a pista contr\u00e1ria e colidiu de frente com uma carreta Iveco, com placas do mesmo munic\u00edpio, que seguia no sentido contr\u00e1rio.<\/p>\n<p>A carreta era conduzida por Vilmar Alves da Silva, de 47 anos, que n\u00e3o se feriu. Com a colis\u00e3o o motorista do carro ficou preso nas ferragens e sofreu politraumatismo. Ele foi socorrido por uma equipe da CCR MSVia e encaminhado para o Hospital Municipal de S\u00e3o Gabriel do Oeste.<\/p>\n<p>A PRF (Pol\u00edcia Rodovi\u00e1ria Federal) esteve no local controlando o tr\u00e1fego que ficou lento em ambos os sentidos.<\/p>\n<div class=\"imagem_noticia right img300_225\"><a href=\"http:\/\/www.edicaoms.com.br\/uploads\/images\/noticias\/63c094bbd2fc5cbccb2aa0c592cfef87.jpg\" data-lightbox=\"example-2\" data-title=\"Foto: Jos\u00e9 Claudio SantaAnna Silva\/Via WhatsApp\"><img loading=\"lazy\" decoding=\"async\" class=\"\" title=\"\" src=\"http:\/\/www.edicaoms.com.br\/uploads\/images\/noticias\/63c094bbd2fc5cbccb2aa0c592cfef87.jpg\" alt=\"\" width=\"514\" height=\"288\" \/><\/a><\/p>\n<div class=\"foto_legenda\">Foto: Jos\u00e9 Claudio SantaAnna Silva\/Via WhatsApp<\/div>\n<\/div>\n<div class=\"imagem_noticia left img300_225\"><a href=\"http:\/\/www.edicaoms.com.br\/uploads\/images\/noticias\/0cc583f843b50e84072089fe7f4c4782.jpg\" data-lightbox=\"example-2\" data-title=\"Foto: Via WhatsApp\"><img loading=\"lazy\" decoding=\"async\" class=\"\" title=\"\" src=\"http:\/\/www.edicaoms.com.br\/uploads\/images\/noticias\/0cc583f843b50e84072089fe7f4c4782.jpg\" alt=\"\" width=\"511\" height=\"287\" \/><\/a><\/p>\n<div class=\"foto_legenda\">Foto: Via WhatsApp<\/div>\n<\/div>\n<div class=\"foto_legenda\">edi\u00e7\u00e3onoticias<\/div>\n","protected":false},"excerpt":{"rendered":"<p>Um homem identificado at\u00e9 o momento como Marc\u00edlio Bitencourt S. Gomes, de 26 anos, ficou gravemente ferido numa colis\u00e3o envolvendo um carro e uma carreta. O acidente ocorreu por volta das 4h40 desta quarta-feira (6), no quil\u00f4metro 653 da BR-163, entre Rio Verde e S\u00e3o Gabriel do Oeste. Por enquanto, a pol\u00edcia encontrou, apenas, um [&hellip;]<\/p>\n","protected":false},"author":4,"featured_media":881,"comment_status":"closed","ping_status":"closed","sticky":false,"template":"","format":"standard","meta":{"footnotes":""},"categories":[38],"tags":[],"class_list":["post-880","post","type-post","status-publish","format-standard","has-post-thumbnail","hentry","category-policia"],"_links":{"self":[{"href":"https:\/\/www.ocorreionews.com.br\/acervo-correio\/index.php?rest_route=\/wp\/v2\/posts\/880","targetHints":{"allow":["GET"]}}],"collection":[{"href":"https:\/\/www.ocorreionews.com.br\/acervo-correio\/index.php?rest_route=\/wp\/v2\/posts"}],"about":[{"href":"https:\/\/www.ocorreionews.com.br\/acervo-correio\/index.php?rest_route=\/wp\/v2\/types\/post"}],"author":[{"embeddable":true,"href":"https:\/\/www.ocorreionews.com.br\/acervo-correio\/index.php?rest_route=\/wp\/v2\/users\/4"}],"replies":[{"embeddable":true,"href":"https:\/\/www.ocorreionews.com.br\/acervo-correio\/index.php?rest_route=%2Fwp%2Fv2%2Fcomments&post=880"}],"version-history":[{"count":0,"href":"https:\/\/www.ocorreionews.com.br\/acervo-correio\/index.php?rest_route=\/wp\/v2\/posts\/880\/revisions"}],"wp:featuredmedia":[{"embeddable":true,"href":"https:\/\/www.ocorreionews.com.br\/acervo-correio\/index.php?rest_route=\/wp\/v2\/media\/881"}],"wp:attachment":[{"href":"https:\/\/www.ocorreionews.com.br\/acervo-correio\/index.php?rest_route=%2Fwp%2Fv2%2Fmedia&parent=880"}],"wp:term":[{"taxonomy":"category","embeddable":true,"href":"https:\/\/www.ocorreionews.com.br\/acervo-correio\/index.php?rest_route=%2Fwp%2Fv2%2Fcategories&post=880"},{"taxonomy":"post_tag","embeddable":true,"href":"https:\/\/www.ocorreionews.com.br\/acervo-correio\/index.php?rest_route=%2Fwp%2Fv2%2Ftags&post=880"}],"curies":[{"name":"wp","href":"https:\/\/api.w.org\/{rel}","templated":true}]}}