{"id":8803,"date":"2015-08-28T09:07:35","date_gmt":"2015-08-28T13:07:35","guid":{"rendered":"https:\/\/ocorreionews.com.br\/?p=8803"},"modified":"2015-08-28T09:07:35","modified_gmt":"2015-08-28T13:07:35","slug":"pib-recua-19-no-2o-trimestre-e-pais-entra-em-recessao","status":"publish","type":"post","link":"https:\/\/www.ocorreionews.com.br\/acervo-correio\/?p=8803","title":{"rendered":"PIB recua 1,9% no 2\u00ba trimestre, e pa\u00eds entra em recess\u00e3o"},"content":{"rendered":"<p>O Produto Interno Bruto (PIB) registrou queda de 1,9% no segundo trimestre de 2015, em rela\u00e7\u00e3o aos tr\u00eas meses anteriores, e a economia brasileira entrou no que os economistas chamam de &#8220;recess\u00e3o t\u00e9cnica&#8221;. No primeiro trimestre do ano, o PIB caiu 0,7% (dado revisado).<\/p>\n<p>Em rela\u00e7\u00e3o ao segundo trimestre de 2014, a baixa foi ainda maior, de 2,6%. Em valores correntes, o PIB no segundo trimestre do ano alcan\u00e7ou R$ 1,43 trilh\u00e3o.<\/p>\n<p>Os n\u00fameros foram divulgados nesta sexta-feira (28) pelo Instituto Brasileiro de Geografia e Estat\u00edstica (IBGE). A queda de 1,9% do segundo trimestre de 2015 \u00e9 a maior desde o primeiro trimestre de 2009, quando tamb\u00e9m registrou recuo de 1,9%.<\/p>\n<div class=\"foto componente_materia midia-largura-290\"><img loading=\"lazy\" decoding=\"async\" class=\"alignleft\" title=\"Gr\u00e1fico de trimestre (Foto: Editoria de Arte\/G1)\" src=\"http:\/\/s2.glbimg.com\/iZyb7leAW68ZmK81tqIRbo-zuZs=\/s.glbimg.com\/jo\/g1\/f\/original\/2015\/08\/28\/variacao-pib_2015-2tri_2.jpg\" alt=\"Gr\u00e1fico de trimestre (Foto: Editoria de Arte\/G1)\" width=\"290\" height=\"233\" \/><\/div>\n<p>Neste trimestre, frente ao anterior, todos os setores registraram queda, puxada pela ind\u00fastria, que teve retra\u00e7\u00e3o de 4,3%, pela agropecu\u00e1ria, de 2,7% e pelos servi\u00e7os, de 0,7%.<\/p>\n<p>O Brasil voltou a ter dois trimestres seguidos de queda no PIB e, por isso, entrou em \u201crecess\u00e3o t\u00e9cnica\u201d. Na pr\u00e1tica, essa classifica\u00e7\u00e3o serve como uma esp\u00e9cie de \u201cterm\u00f4metro\u201d para medir o desempenho da economia. Isso porque, de acordo com economistas, n\u00e3o s\u00e3o apenas dois resultados negativos seguidos que indicam a recess\u00e3o, mas sim um conjunto de indicadores negativos, como aumento do desemprego, queda na produ\u00e7\u00e3o e fal\u00eancia de empresas.<\/p>\n<p>No primeiro semestre de 2014, o pa\u00eds tamb\u00e9m entrou em recess\u00e3o t\u00e9cnica. Antes disso, o Brasil tamb\u00e9m havia registrado uma recess\u00e3o t\u00e9cnica no \u00faltimo trimestre de 2008 e primeiro de 2009, durante a crise econ\u00f4mica mundial.<\/p>\n<p>No acumulado dos quatro trimestres terminados no segundo trimestre de 2015, o PIB recuou 1,2% frente aos quatro trimestres. No ano, de janeiro a junho, a economia registra contra\u00e7\u00e3o de 2,1%, na compara\u00e7\u00e3o com o mesmo per\u00edodo do ano passado.<\/p>\n<p>\u201cTanto pela \u00f3tica da produ\u00e7\u00e3o quanto pela da despesa, a gente tem que os tr\u00eas principais setores do PIB apresentaram queda em rela\u00e7\u00e3o ao trimestre anterior\u201d, apontou Rebeca de La Rocque Palis, coordenadora de Contas Nacionais do IBGE.<\/p>\n<p><strong>Consumo e investimentos<\/strong><br \/>\nA forma\u00e7\u00e3o bruta de capital fixo (investimentos) sofreu uma queda\u00a0 de 11,9%, no segundo trimestre de 2015, frente ao mesmo per\u00edodo de 2014, a maior desde o primeiro trimestre de 1996, quando recuou 12,7%.<\/p>\n<div class=\"olho componente_materia\">\n<div>O PIB \u00e9 a soma de todos os bens e servi\u00e7os produzidos dentro do pa\u00eds, e serve para medir o comportamento da atividade econ\u00f4mica<\/div>\n<\/div>\n<p>&#8220;Este recuo \u00e9 justificado, principalmente, pela queda das importa\u00e7\u00f5es e da produ\u00e7\u00e3o interna de bens de capital, e tamb\u00e9m pelo desempenho negativo da constru\u00e7\u00e3o civil.&#8221;<\/p>\n<p>A despesa de consumo do governo caiu 1,1% em rela\u00e7\u00e3o ao segundo trimestre de 2014 e os gastos das fam\u00edlias, que tamb\u00e9m entram no c\u00e1lculo do PIB, caiu 2,7% &#8211; o segundo recuo seguido.<\/p>\n<p>&#8220;O resultado pode ser explicado pela deteriora\u00e7\u00e3o dos indicadores de infla\u00e7\u00e3o, juros, cr\u00e9dito, emprego e renda ao longo do per\u00edodo&#8221;, informou o IBGE.<\/p>\n<p><strong>Expectativas negativas confirmadas<\/strong><br \/>\nA expectativa do Banco Central era de que o PIB tivesse mesmo recuado de abril a junho deste ano. O \u00cdndice de Atividade Econ\u00f4mica (IBC-Br), que \u00e9 uma esp\u00e9cie de &#8220;pr\u00e9via do PIB&#8221;, indicava uma retra\u00e7\u00e3o de 1,89% no segundo trimestre deste ano, frente aos tr\u00eas meses anteriores. Com isso, quando foram divulgados, em meados de agosto, os n\u00fameros j\u00e1 apontavam que a economia brasileira entraria em recess\u00e3o t\u00e9cnica.<\/p>\n<div class=\"foto componente_materia midia-largura-290\"><img loading=\"lazy\" decoding=\"async\" class=\"alignleft\" title=\"Gr\u00e1fico ind\u00fastria PIB (Foto: Editoria de Arte\/G1)\" src=\"http:\/\/s2.glbimg.com\/fDzzx-P7ZTWNGTntpqp5KK3ezQ0=\/s.glbimg.com\/jo\/g1\/f\/original\/2015\/08\/28\/pib-2015-2tri-setor-industria.jpg\" alt=\"Gr\u00e1fico ind\u00fastria PIB (Foto: Editoria de Arte\/G1)\" width=\"290\" height=\"245\" \/><\/div>\n<p>J\u00e1 a estimativa do mercado financeiro para o ano todo, apresentada no in\u00edcio da semana pelo boletim Focus do Banco Central, indicava que a economia dever\u00e1 ter uma retra\u00e7\u00e3o de 2,06%, seguida por uma queda de 0,24% em 2016.<\/p>\n<p><strong>Como um pa\u00eds sai de uma recess\u00e3o?<\/strong><br \/>\nO fim de uma recess\u00e3o s\u00f3 \u00e9 constatado quando existe um movimento consistente de retomada em todos os indicadores econ\u00f4micos, segundo o economista da FGV\/IBRE Paulo Picchetti. Dados como taxa de desemprego, vendas no com\u00e9rcio, produ\u00e7\u00e3o industrial e outros precisam mostrar de forma clara e conjunta que est\u00e3o em recupera\u00e7\u00e3o.<\/p>\n<p>&nbsp;<\/p>\n<p>G1<\/p>\n","protected":false},"excerpt":{"rendered":"<p>O Produto Interno Bruto (PIB) registrou queda de 1,9% no segundo trimestre de 2015, em rela\u00e7\u00e3o aos tr\u00eas meses anteriores, e a economia brasileira entrou no que os economistas chamam de &#8220;recess\u00e3o t\u00e9cnica&#8221;. No primeiro trimestre do ano, o PIB caiu 0,7% (dado revisado). Em rela\u00e7\u00e3o ao segundo trimestre de 2014, a baixa foi ainda [&hellip;]<\/p>\n","protected":false},"author":4,"featured_media":8804,"comment_status":"closed","ping_status":"closed","sticky":false,"template":"","format":"standard","meta":{"footnotes":""},"categories":[26],"tags":[],"class_list":["post-8803","post","type-post","status-publish","format-standard","has-post-thumbnail","hentry","category-economia"],"_links":{"self":[{"href":"https:\/\/www.ocorreionews.com.br\/acervo-correio\/index.php?rest_route=\/wp\/v2\/posts\/8803","targetHints":{"allow":["GET"]}}],"collection":[{"href":"https:\/\/www.ocorreionews.com.br\/acervo-correio\/index.php?rest_route=\/wp\/v2\/posts"}],"about":[{"href":"https:\/\/www.ocorreionews.com.br\/acervo-correio\/index.php?rest_route=\/wp\/v2\/types\/post"}],"author":[{"embeddable":true,"href":"https:\/\/www.ocorreionews.com.br\/acervo-correio\/index.php?rest_route=\/wp\/v2\/users\/4"}],"replies":[{"embeddable":true,"href":"https:\/\/www.ocorreionews.com.br\/acervo-correio\/index.php?rest_route=%2Fwp%2Fv2%2Fcomments&post=8803"}],"version-history":[{"count":0,"href":"https:\/\/www.ocorreionews.com.br\/acervo-correio\/index.php?rest_route=\/wp\/v2\/posts\/8803\/revisions"}],"wp:featuredmedia":[{"embeddable":true,"href":"https:\/\/www.ocorreionews.com.br\/acervo-correio\/index.php?rest_route=\/wp\/v2\/media\/8804"}],"wp:attachment":[{"href":"https:\/\/www.ocorreionews.com.br\/acervo-correio\/index.php?rest_route=%2Fwp%2Fv2%2Fmedia&parent=8803"}],"wp:term":[{"taxonomy":"category","embeddable":true,"href":"https:\/\/www.ocorreionews.com.br\/acervo-correio\/index.php?rest_route=%2Fwp%2Fv2%2Fcategories&post=8803"},{"taxonomy":"post_tag","embeddable":true,"href":"https:\/\/www.ocorreionews.com.br\/acervo-correio\/index.php?rest_route=%2Fwp%2Fv2%2Ftags&post=8803"}],"curies":[{"name":"wp","href":"https:\/\/api.w.org\/{rel}","templated":true}]}}