{"id":8811,"date":"2015-08-28T10:21:15","date_gmt":"2015-08-28T14:21:15","guid":{"rendered":"https:\/\/ocorreionews.com.br\/?p=8811"},"modified":"2015-08-28T10:21:15","modified_gmt":"2015-08-28T14:21:15","slug":"tania-francini-destacou-uniao-do-funcionalismo-publico","status":"publish","type":"post","link":"https:\/\/www.ocorreionews.com.br\/acervo-correio\/?p=8811","title":{"rendered":"Tania Francini destacou uni\u00e3o do funcionalismo p\u00fablico"},"content":{"rendered":"<p class=\"ecxMsoNormal\">A vereadora Tania Francini iniciou seu pronunciamento convidando toda a popula\u00e7\u00e3o a participar do Projeto Secretarias em A\u00e7\u00e3o, o qual oferecer\u00e1 v\u00e1rios atendimentos a toda a comunidade, ser\u00e3o m\u00e9dicos, dentistas, fisioterapeutas, vacinas, coletas e entregas e preventivos, atividades esportivas, palestras informativas, corte de cabelo, orienta\u00e7\u00f5es do Procon, informa\u00e7\u00f5es sobre carteira de trabalho dentre outras atividades.<\/p>\n<p class=\"ecxMsoNormal\">\n<p class=\"ecxMsoNormal\">Comentou tamb\u00e9m sobre a campanha de doa\u00e7\u00e3o de sangue para a aluna Alyube, a qual conseguiu cerca de 32 doadores na \u00faltima ter\u00e7a feira, mas que ainda n\u00e3o \u00e9 o suficiente, uma vez que s\u00e3o necess\u00e1rias seis bolsas di\u00e1rias para a jovem. Tania ressaltou que o Hemosul foi reinaugurado, mas que na ter\u00e7a feira a unidade abriu as portas exclusivamente para os doadores de Chapad\u00e3o do Sul.<\/p>\n<p class=\"ecxMsoNormal\">A vereadora comentou ainda sobre as providencias emergenciais que devem ser tomadas pela Sanesul e tamb\u00e9m sobre os pedidos de troca de l\u00e2mpadas da pra\u00e7a de eventos, que segundo ela j\u00e1 foram feitos e que em breve dever\u00e3o ser trocadas.<\/p>\n<p class=\"ecxMsoNormal\">\n<p class=\"ecxMsoNormal\">Aproveitou para enaltecer o trabalho da Secretaria de Desenvolvimento Econ\u00f4mico e Meio Ambiente, na pessoa do Agente de Desenvolvimento Junior Teixeira, o qual est\u00e1 fazendo parte da equipe que est\u00e1 levando aos assentamentos programas de grande import\u00e2ncia como o Leite Forte que conta com as unidades vacam\u00f3vel e agrom\u00f3vel, ve\u00edculos preparados para auxilio dos pequenos produtores.<\/p>\n<p class=\"ecxMsoNormal\">Citou tamb\u00e9m sobre o programa de abastecimento escolar, o qual adquire hortali\u00e7as dos pequenos produtores dos assentamentos para serem fornecidos as escolas e entidades dos munic\u00edpio.<\/p>\n<p class=\"ecxMsoNormal\">Agradeceu ao empenho do Sr. Vicente, Diretor do DEMUTRAN, pela dedica\u00e7\u00e3o na implanta\u00e7\u00e3o do sistema bin\u00e1rio no munic\u00edpio, segundo ela o projeto j\u00e1 existia h\u00e1 muito tempo, inclusive a atual Secretaria de Governo Nilzete Pereira tentou dar continuidade, mas agora com as altera\u00e7\u00f5es feitas e com o aval do governo do estado o projeto dever\u00e1 enfim ser colocado em pr\u00e1tica.<\/p>\n<p class=\"ecxMsoNormal\">Sobre o Detran, citou que o local necessita de uma reforma ou de um novo pr\u00e9dio urgente, inclusive em 2013 houve a possibilidade de haver uma recondu\u00e7\u00e3o do detran para outro local, mas infelizmente o projeto n\u00e3o foi adiante.<\/p>\n<p class=\"ecxMsoNormal\">Tania finalizou seu pronunciamento comentando sobre a percep\u00e7\u00e3o de uma maior uni\u00e3o do funcionalismo p\u00fablico, que segundo ela est\u00e1 se unindo em favor do munic\u00edpio, o que \u00e9 bastante importante na vis\u00e3o da vereadora.<\/p>\n<p>&nbsp;<\/p>\n<p><iframe loading=\"lazy\" width=\"1170\" height=\"658\" src=\"https:\/\/www.youtube.com\/embed\/eJcCdk07tbI?feature=oembed\" frameborder=\"0\" allow=\"autoplay; encrypted-media\" allowfullscreen><\/iframe><\/p>\n<p>Assessoria C\u00e2mara<\/p>\n","protected":false},"excerpt":{"rendered":"<p>A vereadora Tania Francini iniciou seu pronunciamento convidando toda a popula\u00e7\u00e3o a participar do Projeto Secretarias em A\u00e7\u00e3o, o qual oferecer\u00e1 v\u00e1rios atendimentos a toda a comunidade, ser\u00e3o m\u00e9dicos, dentistas, fisioterapeutas, vacinas, coletas e entregas e preventivos, atividades esportivas, palestras informativas, corte de cabelo, orienta\u00e7\u00f5es do Procon, informa\u00e7\u00f5es sobre carteira de trabalho dentre outras atividades. [&hellip;]<\/p>\n","protected":false},"author":4,"featured_media":8812,"comment_status":"closed","ping_status":"closed","sticky":false,"template":"","format":"standard","meta":{"footnotes":""},"categories":[20],"tags":[],"class_list":["post-8811","post","type-post","status-publish","format-standard","has-post-thumbnail","hentry","category-camara-municipal"],"_links":{"self":[{"href":"https:\/\/www.ocorreionews.com.br\/acervo-correio\/index.php?rest_route=\/wp\/v2\/posts\/8811","targetHints":{"allow":["GET"]}}],"collection":[{"href":"https:\/\/www.ocorreionews.com.br\/acervo-correio\/index.php?rest_route=\/wp\/v2\/posts"}],"about":[{"href":"https:\/\/www.ocorreionews.com.br\/acervo-correio\/index.php?rest_route=\/wp\/v2\/types\/post"}],"author":[{"embeddable":true,"href":"https:\/\/www.ocorreionews.com.br\/acervo-correio\/index.php?rest_route=\/wp\/v2\/users\/4"}],"replies":[{"embeddable":true,"href":"https:\/\/www.ocorreionews.com.br\/acervo-correio\/index.php?rest_route=%2Fwp%2Fv2%2Fcomments&post=8811"}],"version-history":[{"count":0,"href":"https:\/\/www.ocorreionews.com.br\/acervo-correio\/index.php?rest_route=\/wp\/v2\/posts\/8811\/revisions"}],"wp:featuredmedia":[{"embeddable":true,"href":"https:\/\/www.ocorreionews.com.br\/acervo-correio\/index.php?rest_route=\/wp\/v2\/media\/8812"}],"wp:attachment":[{"href":"https:\/\/www.ocorreionews.com.br\/acervo-correio\/index.php?rest_route=%2Fwp%2Fv2%2Fmedia&parent=8811"}],"wp:term":[{"taxonomy":"category","embeddable":true,"href":"https:\/\/www.ocorreionews.com.br\/acervo-correio\/index.php?rest_route=%2Fwp%2Fv2%2Fcategories&post=8811"},{"taxonomy":"post_tag","embeddable":true,"href":"https:\/\/www.ocorreionews.com.br\/acervo-correio\/index.php?rest_route=%2Fwp%2Fv2%2Ftags&post=8811"}],"curies":[{"name":"wp","href":"https:\/\/api.w.org\/{rel}","templated":true}]}}