{"id":8814,"date":"2015-08-28T10:22:35","date_gmt":"2015-08-28T14:22:35","guid":{"rendered":"https:\/\/ocorreionews.com.br\/?p=8814"},"modified":"2015-08-28T10:22:35","modified_gmt":"2015-08-28T14:22:35","slug":"governo-estadual-esta-se-empenhando-em-solucionar-o-problema-da-falta-de-agua-no-municipio-garante-abel-lemes","status":"publish","type":"post","link":"https:\/\/www.ocorreionews.com.br\/acervo-correio\/?p=8814","title":{"rendered":"Governo Estadual est\u00e1 se empenhando em solucionar o problema da falta de \u00e1gua no munic\u00edpio garante Abel Lemes"},"content":{"rendered":"<p>O vereador Abel Lemes em seu pronunciamento comentou sobre o problema da falta de \u00e1gua no munic\u00edpio, segundo o vereador, o governo do estado est\u00e1 se empenhando em solucionar o problema, pois \u00e9 uma determina\u00e7\u00e3o do governador que n\u00e3o falte \u00e1gua em nenhum munic\u00edpio.<\/p>\n<p>&nbsp;<\/p>\n<p>Abel ressaltou que enviou um of\u00edcio a Sanesul solicitando informa\u00e7\u00f5es e medidas urgentes para sanar o problema em Chapad\u00e3o do Sul. Para o vereador \u00e9 momento de todos os parlamentares se unirem em prol de um bem comum e que toda manifesta\u00e7\u00e3o que adentrar a Sanesul e ao Governo do Estado ser\u00e1 bem vinda.<\/p>\n<p>&nbsp;<\/p>\n<p>Uma solu\u00e7\u00e3o apontada pelo vereador que inclusive j\u00e1 foi cogitada pelo governo estadual seria o financiamento de reservat\u00f3rios de \u00e1gua para a popula\u00e7\u00e3o, que com o armazenamento de \u00e1gua teria solucionado o problema da falta de \u00e1gua no munic\u00edpio.<\/p>\n<p>&nbsp;<\/p>\n<p>Abel usou de seu pronunciamento tamb\u00e9m para enaltecer o trabalho que vem sendo realizado no tr\u00e2nsito, seja com a sinaliza\u00e7\u00e3o vi\u00e1ria como na coloca\u00e7\u00e3o de placas indicativas com os nomes das ruas, segundo ele o trabalho vem sendo realizado de forma muito bem feita no munic\u00edpio.<\/p>\n<p>&nbsp;<\/p>\n<p>O vereador aproveitou tamb\u00e9m para comentar sobre as festividades do anivers\u00e1rio da cidade, que contar\u00e1 com o Show Gospel do cantor Andr\u00e9 Valad\u00e3o, que segundo o parlamentar ser\u00e1 custeado pelo governo do estado, onerando apenas o custo de estrutura ao munic\u00edpio. O vereador afirmou que o show ser\u00e1 com certeza um dos maiores eventos crist\u00e3os da regi\u00e3o.<\/p>\n<p>&nbsp;<\/p>\n<p>Abel aproveitou para convidar a popula\u00e7\u00e3o para audi\u00eancia p\u00fablica referente aos res\u00edduos s\u00f3lidos e do Plano de Uso e ocupa\u00e7\u00e3o de solo, que dever\u00e1 ser realizada em breve e que dever\u00e1 contar com a participa\u00e7\u00e3o de toda a comunidade para que se encontrem solu\u00e7\u00f5es para as situa\u00e7\u00f5es encontradas atualmente no munic\u00edpio.<\/p>\n<p>&nbsp;<\/p>\n<p>Encerrou comentando sobre o PSDB, que segundo ele \u00e9 um partido de oposi\u00e7\u00e3o ao governo federal, mas que est\u00e1 encabe\u00e7ando uma nova forma de se fazer pol\u00edtica e de se trabalhar com gest\u00e3o p\u00fablica, o vereador ressaltou que atualmente o PSDB \u00e9 o partido que mais tem filia\u00e7\u00f5es no pa\u00eds e que est\u00e1 aberto a todos que quiserem conhecer o partido e participar desta nova pol\u00edtica.<\/p>\n<p>&nbsp;<\/p>\n<p><iframe loading=\"lazy\" width=\"1170\" height=\"658\" src=\"https:\/\/www.youtube.com\/embed\/y0nl9bi49yw?feature=oembed\" frameborder=\"0\" allow=\"autoplay; encrypted-media\" allowfullscreen><\/iframe><\/p>\n<p>Assessoria C\u00e2mara<\/p>\n<p>&nbsp;<\/p>\n","protected":false},"excerpt":{"rendered":"<p>O vereador Abel Lemes em seu pronunciamento comentou sobre o problema da falta de \u00e1gua no munic\u00edpio, segundo o vereador, o governo do estado est\u00e1 se empenhando em solucionar o problema, pois \u00e9 uma determina\u00e7\u00e3o do governador que n\u00e3o falte \u00e1gua em nenhum munic\u00edpio. &nbsp; Abel ressaltou que enviou um of\u00edcio a Sanesul solicitando informa\u00e7\u00f5es [&hellip;]<\/p>\n","protected":false},"author":4,"featured_media":6974,"comment_status":"closed","ping_status":"closed","sticky":false,"template":"","format":"standard","meta":{"footnotes":""},"categories":[20],"tags":[],"class_list":["post-8814","post","type-post","status-publish","format-standard","has-post-thumbnail","hentry","category-camara-municipal"],"_links":{"self":[{"href":"https:\/\/www.ocorreionews.com.br\/acervo-correio\/index.php?rest_route=\/wp\/v2\/posts\/8814","targetHints":{"allow":["GET"]}}],"collection":[{"href":"https:\/\/www.ocorreionews.com.br\/acervo-correio\/index.php?rest_route=\/wp\/v2\/posts"}],"about":[{"href":"https:\/\/www.ocorreionews.com.br\/acervo-correio\/index.php?rest_route=\/wp\/v2\/types\/post"}],"author":[{"embeddable":true,"href":"https:\/\/www.ocorreionews.com.br\/acervo-correio\/index.php?rest_route=\/wp\/v2\/users\/4"}],"replies":[{"embeddable":true,"href":"https:\/\/www.ocorreionews.com.br\/acervo-correio\/index.php?rest_route=%2Fwp%2Fv2%2Fcomments&post=8814"}],"version-history":[{"count":0,"href":"https:\/\/www.ocorreionews.com.br\/acervo-correio\/index.php?rest_route=\/wp\/v2\/posts\/8814\/revisions"}],"wp:featuredmedia":[{"embeddable":true,"href":"https:\/\/www.ocorreionews.com.br\/acervo-correio\/index.php?rest_route=\/wp\/v2\/media\/6974"}],"wp:attachment":[{"href":"https:\/\/www.ocorreionews.com.br\/acervo-correio\/index.php?rest_route=%2Fwp%2Fv2%2Fmedia&parent=8814"}],"wp:term":[{"taxonomy":"category","embeddable":true,"href":"https:\/\/www.ocorreionews.com.br\/acervo-correio\/index.php?rest_route=%2Fwp%2Fv2%2Fcategories&post=8814"},{"taxonomy":"post_tag","embeddable":true,"href":"https:\/\/www.ocorreionews.com.br\/acervo-correio\/index.php?rest_route=%2Fwp%2Fv2%2Ftags&post=8814"}],"curies":[{"name":"wp","href":"https:\/\/api.w.org\/{rel}","templated":true}]}}