{"id":8816,"date":"2015-08-28T10:25:03","date_gmt":"2015-08-28T14:25:03","guid":{"rendered":"https:\/\/ocorreionews.com.br\/?p=8816"},"modified":"2015-08-28T10:25:03","modified_gmt":"2015-08-28T14:25:03","slug":"elton-silva-quer-show-secular-no-aniversario-da-cidade","status":"publish","type":"post","link":"https:\/\/www.ocorreionews.com.br\/acervo-correio\/?p=8816","title":{"rendered":"Elton Silva quer show secular no anivers\u00e1rio da cidade"},"content":{"rendered":"<p>O vereador Elton Silva em suas palavras enalteceu o trabalho do Policial Militar Wesley que segundo ele teve um ato de bravura na capital Campo Grande no \u00faltimo dia 24 ao impedir um assalto pr\u00f3ximo ao Horto Florestal. Aproveitou ainda para parabenizar o trabalho da pol\u00edcia de Chapad\u00e3o do Sul, segundo ele, as opera\u00e7\u00f5es v\u00eam sendo muito bem desempenhadas e tem gerado excelentes resultados.<\/p>\n<p>&nbsp;<\/p>\n<p>Elton comentou ainda que o policiamento no trecho de Para\u00edso das \u00c1guas at\u00e9 a capital Campo Grande deixa muito a desejar, simulando inclusive que caso algu\u00e9m saia de Chapad\u00e3o do Sul com alguma irregularidade, e n\u00e3o for abordado at\u00e9 Para\u00edso das \u00c1guas, depois n\u00e3o ser\u00e1 mais abordado, prova disso \u00e9 que v\u00e1rias cargas de entorpecentes saem de Ponta Por\u00e3 e s\u00e3o interceptadas somente aqui em Chapad\u00e3o do Sul.<\/p>\n<p>&nbsp;<\/p>\n<p>Sobre a situa\u00e7\u00e3o da superlota\u00e7\u00e3o da delegacia apenas citou que os bandidos devem sim permanecer na cadeia, independente das condi\u00e7\u00f5es em que a mesma se encontra.<\/p>\n<p>&nbsp;<\/p>\n<p>Em rela\u00e7\u00e3o a falta de \u00e1gua no munic\u00edpio, Elton afirmou que as pessoas atualmente n\u00e3o querem mais respostas vagas e promessas, segundo o vereador, a informa\u00e7\u00e3o da constru\u00e7\u00e3o de um novo po\u00e7o est\u00e1 sempre sendo comentada mas nunca sai do papel.<\/p>\n<p>&nbsp;<\/p>\n<p>O vereador comentou tamb\u00e9m sobre sua indica\u00e7\u00e3o para instala\u00e7\u00e3o de um guard rail na avenida 33, mas que a resposta vinda do executivo classificava como \u201cinvi\u00e1vel\u201d a instala\u00e7\u00e3o, por\u00e9m, acredita que al\u00e9m de vi\u00e1vel \u00e9 necess\u00e1ria a prote\u00e7\u00e3o no local.<\/p>\n<p>&nbsp;<\/p>\n<p>Sobre o anivers\u00e1rio da cidade, o vereador ressaltou que o show com o cantor Andr\u00e9 Valad\u00e3o \u00e9 sim um grande show e que a cidade merece, mas que embora o governo do estado seja respons\u00e1vel pelos custos do show, a administra\u00e7\u00e3o municipal ser\u00e1 a respons\u00e1vel por toda a estrutura de som, ilumina\u00e7\u00e3o e palco e que quer acompanhar de perto estes custos.<\/p>\n<p>&nbsp;<\/p>\n<p>Al\u00e9m disso o vereador enfatizou que este \u00e9 o terceiro ano consecutivo que o anivers\u00e1rio da cidade \u00e9 comemorado com um show gospel, ignorando o restante da popula\u00e7\u00e3o que prefere shows seculares. Para o vereador, todos tem direito, e seria justo que a administra\u00e7\u00e3o municipal contratasse mesmo que fosse com baixo custo um show do \u201cmund\u00e3o\u201d para que assim atendesse a vontade de toda a popula\u00e7\u00e3o.<\/p>\n<p>&nbsp;<\/p>\n<p>Elton usou de seu pronunciamento ainda para enaltecer o trabalho da administra\u00e7\u00e3o municipal na pavimenta\u00e7\u00e3o asf\u00e1ltica do Bairro Planalto, segundo ele, at\u00e9 pouco tempo atr\u00e1s eram poucas ruas pavimentadas no bairro, realidade diferente da atual onde v\u00e1rias ruas j\u00e1 se encontram com asfalto. Finalizou chamando aten\u00e7\u00e3o da popula\u00e7\u00e3o para que n\u00e3o transitem por ruas que est\u00e3o em obras, pois isso pode dificultar o trabalho das equipes.<\/p>\n<p>&nbsp;<\/p>\n<p><iframe loading=\"lazy\" width=\"1170\" height=\"658\" src=\"https:\/\/www.youtube.com\/embed\/bT_nhzanjmw?feature=oembed\" frameborder=\"0\" allow=\"autoplay; encrypted-media\" allowfullscreen><\/iframe><\/p>\n<p>&nbsp;<\/p>\n<p>Assessoria C\u00e2mara<\/p>\n","protected":false},"excerpt":{"rendered":"<p>O vereador Elton Silva em suas palavras enalteceu o trabalho do Policial Militar Wesley que segundo ele teve um ato de bravura na capital Campo Grande no \u00faltimo dia 24 ao impedir um assalto pr\u00f3ximo ao Horto Florestal. Aproveitou ainda para parabenizar o trabalho da pol\u00edcia de Chapad\u00e3o do Sul, segundo ele, as opera\u00e7\u00f5es v\u00eam [&hellip;]<\/p>\n","protected":false},"author":4,"featured_media":8817,"comment_status":"closed","ping_status":"closed","sticky":false,"template":"","format":"standard","meta":{"footnotes":""},"categories":[20],"tags":[],"class_list":["post-8816","post","type-post","status-publish","format-standard","has-post-thumbnail","hentry","category-camara-municipal"],"_links":{"self":[{"href":"https:\/\/www.ocorreionews.com.br\/acervo-correio\/index.php?rest_route=\/wp\/v2\/posts\/8816","targetHints":{"allow":["GET"]}}],"collection":[{"href":"https:\/\/www.ocorreionews.com.br\/acervo-correio\/index.php?rest_route=\/wp\/v2\/posts"}],"about":[{"href":"https:\/\/www.ocorreionews.com.br\/acervo-correio\/index.php?rest_route=\/wp\/v2\/types\/post"}],"author":[{"embeddable":true,"href":"https:\/\/www.ocorreionews.com.br\/acervo-correio\/index.php?rest_route=\/wp\/v2\/users\/4"}],"replies":[{"embeddable":true,"href":"https:\/\/www.ocorreionews.com.br\/acervo-correio\/index.php?rest_route=%2Fwp%2Fv2%2Fcomments&post=8816"}],"version-history":[{"count":0,"href":"https:\/\/www.ocorreionews.com.br\/acervo-correio\/index.php?rest_route=\/wp\/v2\/posts\/8816\/revisions"}],"wp:featuredmedia":[{"embeddable":true,"href":"https:\/\/www.ocorreionews.com.br\/acervo-correio\/index.php?rest_route=\/wp\/v2\/media\/8817"}],"wp:attachment":[{"href":"https:\/\/www.ocorreionews.com.br\/acervo-correio\/index.php?rest_route=%2Fwp%2Fv2%2Fmedia&parent=8816"}],"wp:term":[{"taxonomy":"category","embeddable":true,"href":"https:\/\/www.ocorreionews.com.br\/acervo-correio\/index.php?rest_route=%2Fwp%2Fv2%2Fcategories&post=8816"},{"taxonomy":"post_tag","embeddable":true,"href":"https:\/\/www.ocorreionews.com.br\/acervo-correio\/index.php?rest_route=%2Fwp%2Fv2%2Ftags&post=8816"}],"curies":[{"name":"wp","href":"https:\/\/api.w.org\/{rel}","templated":true}]}}