{"id":8819,"date":"2015-08-28T10:26:24","date_gmt":"2015-08-28T14:26:24","guid":{"rendered":"https:\/\/ocorreionews.com.br\/?p=8819"},"modified":"2015-08-28T10:26:24","modified_gmt":"2015-08-28T14:26:24","slug":"delegacia-superlotada-preocupa-alirio-bacca","status":"publish","type":"post","link":"https:\/\/www.ocorreionews.com.br\/acervo-correio\/?p=8819","title":{"rendered":"Delegacia superlotada preocupa Al\u00edrio Bacca"},"content":{"rendered":"<p>O vereador Al\u00edrio Bacca iniciou seu pronunciamento parabenizando as pol\u00edcias civil, militar e o NOTII pelo excelente trabalho que vem sendo realizado no combate a criminalidade e ao tr\u00e1fico de drogas, o vereador afirmou que os resultados s\u00e3o animadores, por\u00e9m o que o preocupa \u00e9 a situa\u00e7\u00e3o da delegacia que hoje conta com quase cinquenta detentos em um espa\u00e7o preparado apenas para doze.<\/p>\n<p>&nbsp;<\/p>\n<p>Al\u00edrio citou que a situa\u00e7\u00e3o das celas s\u00e3o preocupantes pois os presos a qualquer momento podem se rebelar e causar grandes problemas para a cidade. O vereador salientou que o sucesso das opera\u00e7\u00f5es policiais que vem sendo realizadas refletem diretamente no aumento da popula\u00e7\u00e3o carcer\u00e1ria do munic\u00edpio e que \u00e9 o momento de se pensar na transfer\u00eancias dos detentos para os pres\u00eddios da regi\u00e3o.<\/p>\n<p>&nbsp;<\/p>\n<p>O vereador comentou tamb\u00e9m sobre os comerciantes e propriet\u00e1rios de revendas de insumos agr\u00edcolas da cidade, que atualmente est\u00e3o ajudando na formula\u00e7\u00e3o do projeto de lei que regula sobre o transporte e armazenamento dos agrot\u00f3xicos no munic\u00edpio, segundo o vereador, este \u00e9 o momento de todos se unirem a fim de se chegar a um consenso.<\/p>\n<p>&nbsp;<\/p>\n<p>Parabenizou o vereador Abel Lemes pela iniciativa de realizar as audi\u00eancias p\u00fablicas e convidar todos os envolvidos, segundo ele somente desta forma se chegar\u00e1 a uma conclus\u00e3o que agrade todos os lados. Para o vereador \u00e9 importante que todos participem e opinem antes do projeto se tornar lei.<\/p>\n<p>&nbsp;<\/p>\n<p>O vereador encerrou suas palavras comentando sobre a situa\u00e7\u00e3o cr\u00edtica do Detran de Chapad\u00e3o do Sul, onde segundo ele, os servidores tem compet\u00eancia para a realiza\u00e7\u00e3o dos trabalhos, apenas n\u00e3o est\u00e3o conseguindo atender a grande demanda de ve\u00edculos que precisam ser vistoriados todos os dias.<\/p>\n<p>&nbsp;<\/p>\n<p>Uma solu\u00e7\u00e3o segundo o vereador seria uma empresa terceirizada, da forma que acontece na vizinha cidade de Costa Rica onde os processos est\u00e3o correndo de forma muito mais r\u00e1pida em fun\u00e7\u00e3o da terceiriza\u00e7\u00e3o das vistorias. Al\u00edrio ressaltou ainda que em Chapad\u00e3o do Sul inclusive h\u00e1 uma empresa preparada para tal fim, apenas n\u00e3o foi regulamentada pelo Detran para oferecer o servi\u00e7o.<\/p>\n<p>&nbsp;<\/p>\n<p><iframe loading=\"lazy\" width=\"1170\" height=\"658\" src=\"https:\/\/www.youtube.com\/embed\/iU-ZPWBqz1E?feature=oembed\" frameborder=\"0\" allow=\"autoplay; encrypted-media\" allowfullscreen><\/iframe><\/p>\n<p>Assessoria C\u00e2mara &#8211; Imagem Ilustrativa<\/p>\n","protected":false},"excerpt":{"rendered":"<p>O vereador Al\u00edrio Bacca iniciou seu pronunciamento parabenizando as pol\u00edcias civil, militar e o NOTII pelo excelente trabalho que vem sendo realizado no combate a criminalidade e ao tr\u00e1fico de drogas, o vereador afirmou que os resultados s\u00e3o animadores, por\u00e9m o que o preocupa \u00e9 a situa\u00e7\u00e3o da delegacia que hoje conta com quase cinquenta [&hellip;]<\/p>\n","protected":false},"author":4,"featured_media":8820,"comment_status":"closed","ping_status":"closed","sticky":false,"template":"","format":"standard","meta":{"footnotes":""},"categories":[20],"tags":[],"class_list":["post-8819","post","type-post","status-publish","format-standard","has-post-thumbnail","hentry","category-camara-municipal"],"_links":{"self":[{"href":"https:\/\/www.ocorreionews.com.br\/acervo-correio\/index.php?rest_route=\/wp\/v2\/posts\/8819","targetHints":{"allow":["GET"]}}],"collection":[{"href":"https:\/\/www.ocorreionews.com.br\/acervo-correio\/index.php?rest_route=\/wp\/v2\/posts"}],"about":[{"href":"https:\/\/www.ocorreionews.com.br\/acervo-correio\/index.php?rest_route=\/wp\/v2\/types\/post"}],"author":[{"embeddable":true,"href":"https:\/\/www.ocorreionews.com.br\/acervo-correio\/index.php?rest_route=\/wp\/v2\/users\/4"}],"replies":[{"embeddable":true,"href":"https:\/\/www.ocorreionews.com.br\/acervo-correio\/index.php?rest_route=%2Fwp%2Fv2%2Fcomments&post=8819"}],"version-history":[{"count":0,"href":"https:\/\/www.ocorreionews.com.br\/acervo-correio\/index.php?rest_route=\/wp\/v2\/posts\/8819\/revisions"}],"wp:featuredmedia":[{"embeddable":true,"href":"https:\/\/www.ocorreionews.com.br\/acervo-correio\/index.php?rest_route=\/wp\/v2\/media\/8820"}],"wp:attachment":[{"href":"https:\/\/www.ocorreionews.com.br\/acervo-correio\/index.php?rest_route=%2Fwp%2Fv2%2Fmedia&parent=8819"}],"wp:term":[{"taxonomy":"category","embeddable":true,"href":"https:\/\/www.ocorreionews.com.br\/acervo-correio\/index.php?rest_route=%2Fwp%2Fv2%2Fcategories&post=8819"},{"taxonomy":"post_tag","embeddable":true,"href":"https:\/\/www.ocorreionews.com.br\/acervo-correio\/index.php?rest_route=%2Fwp%2Fv2%2Ftags&post=8819"}],"curies":[{"name":"wp","href":"https:\/\/api.w.org\/{rel}","templated":true}]}}