{"id":8822,"date":"2015-08-28T10:34:09","date_gmt":"2015-08-28T14:34:09","guid":{"rendered":"https:\/\/ocorreionews.com.br\/?p=8822"},"modified":"2015-08-28T14:05:17","modified_gmt":"2015-08-28T18:05:17","slug":"consultora-do-sebrae-visita-chefe-do-executivo-em-paraiso-das-aguas","status":"publish","type":"post","link":"https:\/\/www.ocorreionews.com.br\/acervo-correio\/?p=8822","title":{"rendered":"Consultora do SEBRAE visita chefe do executivo em Para\u00edso das \u00c1guas"},"content":{"rendered":"<p>O Prefeito Municipal de Para\u00edso das \u00c1guas, Ivan da Cruz Pereira(PMDB) recebeu na tarde de ontem, 27 de agosto, \u00a0em seu gabinete a gerente regional do SEBRAE regi\u00e3o norte, Luzicarla Softov, o chefe da AGENFA de Para\u00edso das \u00c1guas Jos\u00e9 Geraldo, e os secret\u00e1rios municipais para juntos discutirem \u00a0as parcerias feitas entre o\u00a0SEBRAE e a Prefeitura.<\/p>\n<p>Na ocasi\u00e3o, a consultora discutiu com os presentes \u00a0a melhor forma de desenvolver as a\u00e7\u00f5es propostas no munic\u00edpio, explicou como funciona o Sistema de Monitoramento de Implementa\u00e7\u00e3o da Lei Geral \u00a0e aproveitou para convida-los \u00a0para o evento Rota do Desenvolvimento,\u00a0 que acontecer\u00e1 em Coxim entre os dias 15 e 18 de setembro.<\/p>\n<p>Em Para\u00edso das \u00c1guas as pr\u00f3ximas palestras desenvolvidas pelo SEBRAE acontecem dia 21 de novembro na sala do empreendedorismo e os temas abordados ser\u00e3o: \u201cSeparando as contas pessoais das contas do meu neg\u00f3cio\u201d e a palestra \u201cMeu pre\u00e7o est\u00e1 certo, estou tendo lucro?\u201d.<\/p>\n<p>Informa\u00e7\u00f5es pelo telefone: 32481376<\/p>\n<p>&nbsp;<\/p>\n<p>ASSECOM-Prefeitura Municipal de Para\u00edso das \u00c1guas- MS<\/p>\n","protected":false},"excerpt":{"rendered":"<p>O Prefeito Municipal de Para\u00edso das \u00c1guas, Ivan da Cruz Pereira(PMDB) recebeu na tarde de ontem, 27 de agosto, \u00a0em seu gabinete a gerente regional do SEBRAE regi\u00e3o norte, Luzicarla Softov, o chefe da AGENFA de Para\u00edso das \u00c1guas Jos\u00e9 Geraldo, e os secret\u00e1rios municipais para juntos discutirem \u00a0as parcerias feitas entre o\u00a0SEBRAE e a [&hellip;]<\/p>\n","protected":false},"author":4,"featured_media":8823,"comment_status":"closed","ping_status":"closed","sticky":false,"template":"","format":"standard","meta":{"footnotes":""},"categories":[36],"tags":[],"class_list":["post-8822","post","type-post","status-publish","format-standard","has-post-thumbnail","hentry","category-paraiso-das-aguas"],"_links":{"self":[{"href":"https:\/\/www.ocorreionews.com.br\/acervo-correio\/index.php?rest_route=\/wp\/v2\/posts\/8822","targetHints":{"allow":["GET"]}}],"collection":[{"href":"https:\/\/www.ocorreionews.com.br\/acervo-correio\/index.php?rest_route=\/wp\/v2\/posts"}],"about":[{"href":"https:\/\/www.ocorreionews.com.br\/acervo-correio\/index.php?rest_route=\/wp\/v2\/types\/post"}],"author":[{"embeddable":true,"href":"https:\/\/www.ocorreionews.com.br\/acervo-correio\/index.php?rest_route=\/wp\/v2\/users\/4"}],"replies":[{"embeddable":true,"href":"https:\/\/www.ocorreionews.com.br\/acervo-correio\/index.php?rest_route=%2Fwp%2Fv2%2Fcomments&post=8822"}],"version-history":[{"count":0,"href":"https:\/\/www.ocorreionews.com.br\/acervo-correio\/index.php?rest_route=\/wp\/v2\/posts\/8822\/revisions"}],"wp:featuredmedia":[{"embeddable":true,"href":"https:\/\/www.ocorreionews.com.br\/acervo-correio\/index.php?rest_route=\/wp\/v2\/media\/8823"}],"wp:attachment":[{"href":"https:\/\/www.ocorreionews.com.br\/acervo-correio\/index.php?rest_route=%2Fwp%2Fv2%2Fmedia&parent=8822"}],"wp:term":[{"taxonomy":"category","embeddable":true,"href":"https:\/\/www.ocorreionews.com.br\/acervo-correio\/index.php?rest_route=%2Fwp%2Fv2%2Fcategories&post=8822"},{"taxonomy":"post_tag","embeddable":true,"href":"https:\/\/www.ocorreionews.com.br\/acervo-correio\/index.php?rest_route=%2Fwp%2Fv2%2Ftags&post=8822"}],"curies":[{"name":"wp","href":"https:\/\/api.w.org\/{rel}","templated":true}]}}