{"id":886,"date":"2015-05-06T12:37:34","date_gmt":"2015-05-06T16:37:34","guid":{"rendered":"https:\/\/ocorreionews.com.br\/?p=886"},"modified":"2018-08-20T22:34:07","modified_gmt":"2018-08-21T02:34:07","slug":"familia-de-motociclista-de-tres-lagoas-que-morreu-em-acidente-sera-indenizada","status":"publish","type":"post","link":"https:\/\/www.ocorreionews.com.br\/acervo-correio\/?p=886","title":{"rendered":"Fam\u00edlia de motociclista de Tr\u00eas Lagoas que morreu em acidente ser\u00e1 indenizada"},"content":{"rendered":"<div class=\"content_text_8487\">\n<p>A Justi\u00e7a da Comarca condenou o Munic\u00edpio de Castilho a indenizar a fam\u00edlia do t\u00e9cnico em manuten\u00e7\u00e3o el\u00e9trica M\u00e1rcio Luiz Manteiga, morto num acidente de moto na noite de 25 de Junho de 2011, na Vicinal CTH-230, pr\u00f3ximo ao Aeroporto de Urubupung\u00e1.<\/p>\n<p>Funcion\u00e1rio da empresa JPTE Engenharia, a v\u00edtima morava e trabalhava em Tr\u00eas Lagoas \u2013 MS e retornava de um encontro de motociclistas em Ilha Solteira naquela noite fat\u00eddica. Naquele trecho sua moto Suzuki, preta, placa HTB 6557, colidiu fatalmente contra um animal solto na via.<\/p>\n<p>A indeniza\u00e7\u00e3o por dano material foi movida pelos filhos da v\u00edtima, Ang\u00e9lica Troncoso Bottura Manteiga, Lais Bottura Manteiga e Luiz Felipe Bottura Manteiga atrav\u00e9s do advogado Edmilson Dourado de Matos.<\/p>\n<p>Segundo a senten\u00e7a, o Munic\u00edpio ter\u00e1 de pagar pens\u00e3o mensal correspondente a 2\/3 dos rendimentos da v\u00edtima \u00e0 \u00e9poca de sua morte, ou seja, R$ 2.016,55, at\u00e9 o dia em que ele completaria 70 anos de idade, com juros e corre\u00e7\u00e3o monet\u00e1ria desde as datas em que seriam ordinariamente devidas, m\u00eas a m\u00eas.<\/p>\n<p>Segundo o site Mil Noticias, o Munic\u00edpio tamb\u00e9m foi condenado ao pagamento de indeniza\u00e7\u00e3o por danos morais, no valor de R$ 55.160,00, import\u00e2ncia essa a ser corrigida monetariamente desde a data de seu arbitramento, e acrescida de juros de mora a partir do acidente. Cabe recurso.<\/p>\n<\/div>\n<div class=\"content_2568 galeria-folio\">\n<div id=\"links_2568\" class=\"galeria-folio-interna mb20\">\n<div class=\"\">\n<div>\n<div><a title=\"\" href=\"http:\/\/www.tlnoticias.com.br\/media\/gallery\/2568\/2568\/55494e96637bcda477abde08811b0b86a3681e0f26a5f_img_4377.jpg\"> <img loading=\"lazy\" decoding=\"async\" src=\"http:\/\/www.tlnoticias.com.br\/base\/www\/tlnoticias.com.br\/media\/gallery\/2568\/2568\/tmp\/thumb212x141x4-55494e96637bcda477abde08811b0b86a3681e0f26a5f_img_4377.jpg\" alt=\"\" width=\"212\" height=\"141\" \/> <\/a><\/div>\n<\/div>\n<\/div>\n<div class=\"\">\n<div>\n<div><a title=\"\" href=\"http:\/\/www.tlnoticias.com.br\/media\/gallery\/2568\/2568\/55494eb2538b5318d8e7e1c161b768b8331fa78bd6430_img_4378.jpg\"> <img loading=\"lazy\" decoding=\"async\" src=\"http:\/\/www.tlnoticias.com.br\/base\/www\/tlnoticias.com.br\/media\/gallery\/2568\/2568\/tmp\/thumb212x141x4-55494eb2538b5318d8e7e1c161b768b8331fa78bd6430_img_4378.jpg\" alt=\"\" width=\"212\" height=\"141\" \/> <\/a><\/div>\n<\/div>\n<\/div>\n<div class=\"\">\n<div>\n<div><a title=\"\" href=\"http:\/\/www.tlnoticias.com.br\/media\/gallery\/2568\/2568\/55494ec47f6981e0bf2b675e142ed8757835f1aad7659_img_4379.jpg\"> <img loading=\"lazy\" decoding=\"async\" src=\"http:\/\/www.tlnoticias.com.br\/base\/www\/tlnoticias.com.br\/media\/gallery\/2568\/2568\/tmp\/thumb212x148x4-55494ec47f6981e0bf2b675e142ed8757835f1aad7659_img_4379.jpg\" alt=\"\" width=\"212\" height=\"148\" \/> <\/a><\/div>\n<div>TLnoticias<\/div>\n<\/div>\n<\/div>\n<\/div>\n<\/div>\n","protected":false},"excerpt":{"rendered":"<p>A Justi\u00e7a da Comarca condenou o Munic\u00edpio de Castilho a indenizar a fam\u00edlia do t\u00e9cnico em manuten\u00e7\u00e3o el\u00e9trica M\u00e1rcio Luiz Manteiga, morto num acidente de moto na noite de 25 de Junho de 2011, na Vicinal CTH-230, pr\u00f3ximo ao Aeroporto de Urubupung\u00e1. Funcion\u00e1rio da empresa JPTE Engenharia, a v\u00edtima morava e trabalhava em Tr\u00eas Lagoas [&hellip;]<\/p>\n","protected":false},"author":4,"featured_media":887,"comment_status":"closed","ping_status":"closed","sticky":false,"template":"","format":"standard","meta":{"footnotes":""},"categories":[38],"tags":[],"class_list":["post-886","post","type-post","status-publish","format-standard","has-post-thumbnail","hentry","category-policia"],"_links":{"self":[{"href":"https:\/\/www.ocorreionews.com.br\/acervo-correio\/index.php?rest_route=\/wp\/v2\/posts\/886","targetHints":{"allow":["GET"]}}],"collection":[{"href":"https:\/\/www.ocorreionews.com.br\/acervo-correio\/index.php?rest_route=\/wp\/v2\/posts"}],"about":[{"href":"https:\/\/www.ocorreionews.com.br\/acervo-correio\/index.php?rest_route=\/wp\/v2\/types\/post"}],"author":[{"embeddable":true,"href":"https:\/\/www.ocorreionews.com.br\/acervo-correio\/index.php?rest_route=\/wp\/v2\/users\/4"}],"replies":[{"embeddable":true,"href":"https:\/\/www.ocorreionews.com.br\/acervo-correio\/index.php?rest_route=%2Fwp%2Fv2%2Fcomments&post=886"}],"version-history":[{"count":0,"href":"https:\/\/www.ocorreionews.com.br\/acervo-correio\/index.php?rest_route=\/wp\/v2\/posts\/886\/revisions"}],"wp:featuredmedia":[{"embeddable":true,"href":"https:\/\/www.ocorreionews.com.br\/acervo-correio\/index.php?rest_route=\/wp\/v2\/media\/887"}],"wp:attachment":[{"href":"https:\/\/www.ocorreionews.com.br\/acervo-correio\/index.php?rest_route=%2Fwp%2Fv2%2Fmedia&parent=886"}],"wp:term":[{"taxonomy":"category","embeddable":true,"href":"https:\/\/www.ocorreionews.com.br\/acervo-correio\/index.php?rest_route=%2Fwp%2Fv2%2Fcategories&post=886"},{"taxonomy":"post_tag","embeddable":true,"href":"https:\/\/www.ocorreionews.com.br\/acervo-correio\/index.php?rest_route=%2Fwp%2Fv2%2Ftags&post=886"}],"curies":[{"name":"wp","href":"https:\/\/api.w.org\/{rel}","templated":true}]}}