{"id":8987,"date":"2015-08-28T13:21:27","date_gmt":"2015-08-28T17:21:27","guid":{"rendered":"https:\/\/ocorreionews.com.br\/?p=8987"},"modified":"2015-08-28T13:21:27","modified_gmt":"2015-08-28T17:21:27","slug":"bandeira-vermelha-da-conta-de-luz-sera-18-menor-a-partir-de-setembro","status":"publish","type":"post","link":"https:\/\/www.ocorreionews.com.br\/acervo-correio\/?p=8987","title":{"rendered":"Bandeira vermelha da conta de luz ser\u00e1 18% menor a partir de setembro"},"content":{"rendered":"<p>A Ag\u00eancia Nacional de Energia El\u00e9trica (Aneel) aprovou nesta sexta-feira (28), em reuni\u00e3o extraordin\u00e1ria, a altera\u00e7\u00e3o da cobran\u00e7a da bandeira vermelha, hoje em R$ 5,50 a cada 100 kWh (quilowatts-hora) consumidos, para R$ 4,50 a cada 100 kWh. A redu\u00e7\u00e3o de 18% come\u00e7a em setembro e valer\u00e1 at\u00e9 dezembro deste ano.<\/p>\n<p>No caso da tarifa paga pelos consumidores residenciais, a Aneel calcula que redu\u00e7\u00e3o m\u00e9dia na conta de luz dever\u00e1 ser de 2%.<\/p>\n<p>A mudan\u00e7a \u00e9 resultado da melhora do regime de chuvas e da redu\u00e7\u00e3o do consumo de energia, devido \u00e0 desacelera\u00e7\u00e3o econ\u00f4mica. Esse cen\u00e1rio mais favor\u00e1vel teve como consequ\u00eancia o desligamento das t\u00e9rmicas de maior custo.<\/p>\n<div class=\"foto componente_materia midia-largura-620\"><img loading=\"lazy\" decoding=\"async\" title=\"Bandeiras tarif\u00e1rias (Foto: Editoria de Arte\/G1)\" src=\"http:\/\/s2.glbimg.com\/KdmraGc993_nY2YxPqu1gW9w8FY=\/s.glbimg.com\/jo\/g1\/f\/original\/2015\/08\/28\/tarifa-de-energia-v3.jpg\" alt=\"Bandeiras tarif\u00e1rias (Foto: Editoria de Arte\/G1)\" width=\"620\" height=\"211\" \/><\/div>\n<p>&nbsp;<\/p>\n<p>O sistema de bandeiras tarif\u00e1rias, em vigor desde o in\u00edcio do ano, permite o repasse mensal aos consumidores de parte do gasto extra das distribuidoras com o aumento do custo da eletricidade.<\/p>\n<div class=\"saibamais componente_materia\">A cor da bandeira \u00e9 impressa nos boletos das contas de luz e sinaliza o real custo de produ\u00e7\u00e3o da energia no pa\u00eds. Se a cor \u00e9 verde, a situa\u00e7\u00e3o est\u00e1 normal e n\u00e3o h\u00e1 cobran\u00e7a de taxa. Amarela, cobra-se R$ 2,50 para cada 100 kWh de energia consumidos. Desde o in\u00edcio do ano \u00e9 a bandeira vermelha \u2013 com cobran\u00e7a maior \u2013 que vigora no pa\u00eds.<\/p>\n<p>No dia 11 de agosto, durante o lan\u00e7amento do Plano de Investimento em Energia El\u00e9trica, a presidente Dilma Rousseff j\u00e1 havia sinalizado que o governo iria reduzir o valor da bandeira vermelha. Depois disso, a Aneel abriu uma audi\u00eancia p\u00fablica para recolher contribui\u00e7\u00f5es sobre o tema, pelo prazo de dez dias. Nesta sexta, a ag\u00eancia tomou a decis\u00e3o final sobre o novo valor da bandeira vermelha.<\/p>\n<p><strong>T\u00e9rmicas<\/strong><br \/>\nNo in\u00edcio de agosto, o governo anunciou o desligamento de 21 usinas t\u00e9rmicas de maior custo, o que deve gerar uma economia mensal nas opera\u00e7\u00f5es da ordem de R$ 5,5 bilh\u00f5es. Por conta da escassez de chuvas, que prejudicou o armazenamento nas represas das principais hidrel\u00e9tricas do pa\u00eds, o governo vinha mantendo ligadas todas as t\u00e9rmicas dispon\u00edveis desde o final de 2012. Como essa energia \u00e9 mais cara, a medida contribuiu para a eleva\u00e7\u00e3o do valor das contas de luz.<\/p>\n<p><strong>Conta mais cara<\/strong><br \/>\nTamb\u00e9m ajudou a aumentar os custos no setor el\u00e9trico o plano anunciado pelo governo no final de 2012 e que levou \u00e0 redu\u00e7\u00e3o das contas de luz em 20%. \u00c9 que, para chegar a esse resultado, o governo antecipou a renova\u00e7\u00e3o das concess\u00f5es de geradoras (usinas hidrel\u00e9tricas) e transmissoras de energia que, por conta disso, precisaram receber indeniza\u00e7\u00e3o por investimentos feitos e que n\u00e3o haviam sido totalmente pagos. Essas indeniza\u00e7\u00f5es ainda est\u00e3o sendo pagas, e o custo tem sido repassado ao consumidor final por meio da eleva\u00e7\u00e3o das tarifas.<\/p>\n<p>O ajuste fiscal feito pelo governo Dilma Rousseff com o objetivo de reequilibrar suas contas tamb\u00e9m contribui para os aumentos mais fortes nas contas de luz em 2015. Isso porque o governo decidiu repassar aos consumidores todos os custos com os programas e a\u00e7\u00f5es no setor el\u00e9trico, entre eles o subs\u00eddio \u00e0 conta de luz de fam\u00edlias de baixa renda e o pagamento de indeniza\u00e7\u00f5es a empresas. Em anos anteriores, o Tesouro assumiu parte dessa fatura, o que contribuiu para alivias as altas nas tarifas.<\/p><\/div>\n<div class=\"saibamais componente_materia\"><\/div>\n<div class=\"saibamais componente_materia\">G1<\/div>\n","protected":false},"excerpt":{"rendered":"<p>A Ag\u00eancia Nacional de Energia El\u00e9trica (Aneel) aprovou nesta sexta-feira (28), em reuni\u00e3o extraordin\u00e1ria, a altera\u00e7\u00e3o da cobran\u00e7a da bandeira vermelha, hoje em R$ 5,50 a cada 100 kWh (quilowatts-hora) consumidos, para R$ 4,50 a cada 100 kWh. A redu\u00e7\u00e3o de 18% come\u00e7a em setembro e valer\u00e1 at\u00e9 dezembro deste ano. No caso da tarifa [&hellip;]<\/p>\n","protected":false},"author":4,"featured_media":0,"comment_status":"closed","ping_status":"closed","sticky":false,"template":"","format":"standard","meta":{"footnotes":""},"categories":[26],"tags":[],"class_list":["post-8987","post","type-post","status-publish","format-standard","hentry","category-economia"],"_links":{"self":[{"href":"https:\/\/www.ocorreionews.com.br\/acervo-correio\/index.php?rest_route=\/wp\/v2\/posts\/8987","targetHints":{"allow":["GET"]}}],"collection":[{"href":"https:\/\/www.ocorreionews.com.br\/acervo-correio\/index.php?rest_route=\/wp\/v2\/posts"}],"about":[{"href":"https:\/\/www.ocorreionews.com.br\/acervo-correio\/index.php?rest_route=\/wp\/v2\/types\/post"}],"author":[{"embeddable":true,"href":"https:\/\/www.ocorreionews.com.br\/acervo-correio\/index.php?rest_route=\/wp\/v2\/users\/4"}],"replies":[{"embeddable":true,"href":"https:\/\/www.ocorreionews.com.br\/acervo-correio\/index.php?rest_route=%2Fwp%2Fv2%2Fcomments&post=8987"}],"version-history":[{"count":0,"href":"https:\/\/www.ocorreionews.com.br\/acervo-correio\/index.php?rest_route=\/wp\/v2\/posts\/8987\/revisions"}],"wp:attachment":[{"href":"https:\/\/www.ocorreionews.com.br\/acervo-correio\/index.php?rest_route=%2Fwp%2Fv2%2Fmedia&parent=8987"}],"wp:term":[{"taxonomy":"category","embeddable":true,"href":"https:\/\/www.ocorreionews.com.br\/acervo-correio\/index.php?rest_route=%2Fwp%2Fv2%2Fcategories&post=8987"},{"taxonomy":"post_tag","embeddable":true,"href":"https:\/\/www.ocorreionews.com.br\/acervo-correio\/index.php?rest_route=%2Fwp%2Fv2%2Ftags&post=8987"}],"curies":[{"name":"wp","href":"https:\/\/api.w.org\/{rel}","templated":true}]}}