{"id":8996,"date":"2015-08-28T13:40:29","date_gmt":"2015-08-28T17:40:29","guid":{"rendered":"https:\/\/ocorreionews.com.br\/?p=8996"},"modified":"2015-08-28T13:40:29","modified_gmt":"2015-08-28T17:40:29","slug":"fundacao-chapadao-homenageou-ex-presidentes-e-diretores-durante-confraternizacao","status":"publish","type":"post","link":"https:\/\/www.ocorreionews.com.br\/acervo-correio\/?p=8996","title":{"rendered":"Funda\u00e7\u00e3o Chapad\u00e3o homenageou ex-presidentes e diretores durante confraterniza\u00e7\u00e3o"},"content":{"rendered":"<p style=\"text-align: justify;\"><strong>A <\/strong>Funda\u00e7\u00e3o Chapad\u00e3o, realizou na noite deste dia 27, a festa da confraterniza\u00e7\u00e3o em comemora\u00e7\u00e3o aso 18 anos de cria\u00e7\u00e3o da entidade, e criada por um grupo produtores rurais, como o objetivo de buscar melhorias, no setor produtivo e principalmente, desenvolver e pesquisas para o combate das doen\u00e7as e experimentos, voltados para aumento de produtividades nas lavouras.<\/p>\n<p style=\"text-align: justify;\">Tendo como cerimonialistas, o atual presidente, Adriano Loeff e o diretor Executivo Edson Borges, a confraterniza\u00e7\u00e3o foi um momento de homenagens, aos seus ex-presidentes e diretores executivos.<\/p>\n<p style=\"text-align: justify;\">Receberam homenagens os ex-presidentes: Elo Ramiro Loeff, Jos\u00e9 Pompilo Silva, Elso Gilmar Bandeira, Luiz Evandro Loeff, Jo\u00e3o Carlos Krug e o atual, que j\u00e1 est\u00e1 em seu segundo mandato, Adriano Loeff.<\/p>\n<p style=\"text-align: justify;\"><span style=\"color: #ff0000;\"><strong><a style=\"color: #ff0000;\" href=\"https:\/\/ocorreionews.com.br\/2015\/08\/28\/festa-de-confraternizacao-dos-18-anos-da-fundacao-chapadao\/\">VEJA AS FOTOS DA CERIMONIA<\/a><\/strong><\/span><\/p>\n<p style=\"text-align: justify;\"><span style=\"color: #0000ff;\"><a style=\"color: #0000ff;\" href=\"https:\/\/ocorreionews.com.br\/2015\/08\/28\/jantar-dos-18-anos-da-fundacao\/\"><strong>VEJA AS FOTOS DO JANTAR<\/strong> <\/a><\/span><\/p>\n<p style=\"text-align: justify;\">Os diretores executivos: Dr. Paulino de Melo Andrade, S\u00edlvio Y. Kanamaru e Edson Borges, al\u00e9m do empres\u00e1rio Jos\u00e9 Ant\u00f4nio Calagiovanni, que foi o idealizador do projeto da Funda\u00e7\u00e3o Chapad\u00e3o.<\/p>\n<p style=\"text-align: justify;\"><strong>Sobre a Funda\u00e7\u00e3o<\/strong><\/p>\n<p style=\"text-align: justify;\">Os objetivos da Funda\u00e7\u00e3o Chapad\u00e3o foram conseguidos. A evolu\u00e7\u00e3o dos projetos, experimentos e das pesquisas, ultrapassaram a linha territorial e chegou a Am\u00e9rica do Norte, Europa e \u00c1sia, com apresenta\u00e7\u00f5es dos resultados de todo o trabalho aqui realizado e seguido por v\u00e1rios Pa\u00edses, conquistando o reconhecimento mundial dos seus trabalhos.<\/p>\n<p style=\"text-align: justify;\">A Funda\u00e7\u00e3o Chapad\u00e3o, possui hoje uma equipe composta por doutores, mestres, t\u00e9cnicos agr\u00edcolas, possui parcerias com as maiores multinacionais do setor agr\u00edcola e revendas do munic\u00edpio e regi\u00e3o.<\/p>\n","protected":false},"excerpt":{"rendered":"<p>A Funda\u00e7\u00e3o Chapad\u00e3o, realizou na noite deste dia 27, a festa da confraterniza\u00e7\u00e3o em comemora\u00e7\u00e3o aso 18 anos de cria\u00e7\u00e3o da entidade, e criada por um grupo produtores rurais, como o objetivo de buscar melhorias, no setor produtivo e principalmente, desenvolver e pesquisas para o combate das doen\u00e7as e experimentos, voltados para aumento de produtividades [&hellip;]<\/p>\n","protected":false},"author":4,"featured_media":8947,"comment_status":"closed","ping_status":"closed","sticky":false,"template":"","format":"standard","meta":{"footnotes":""},"categories":[17,23],"tags":[],"class_list":["post-8996","post","type-post","status-publish","format-standard","has-post-thumbnail","hentry","category-agropecuaria","category-chapadao-do-sul"],"_links":{"self":[{"href":"https:\/\/www.ocorreionews.com.br\/acervo-correio\/index.php?rest_route=\/wp\/v2\/posts\/8996","targetHints":{"allow":["GET"]}}],"collection":[{"href":"https:\/\/www.ocorreionews.com.br\/acervo-correio\/index.php?rest_route=\/wp\/v2\/posts"}],"about":[{"href":"https:\/\/www.ocorreionews.com.br\/acervo-correio\/index.php?rest_route=\/wp\/v2\/types\/post"}],"author":[{"embeddable":true,"href":"https:\/\/www.ocorreionews.com.br\/acervo-correio\/index.php?rest_route=\/wp\/v2\/users\/4"}],"replies":[{"embeddable":true,"href":"https:\/\/www.ocorreionews.com.br\/acervo-correio\/index.php?rest_route=%2Fwp%2Fv2%2Fcomments&post=8996"}],"version-history":[{"count":0,"href":"https:\/\/www.ocorreionews.com.br\/acervo-correio\/index.php?rest_route=\/wp\/v2\/posts\/8996\/revisions"}],"wp:featuredmedia":[{"embeddable":true,"href":"https:\/\/www.ocorreionews.com.br\/acervo-correio\/index.php?rest_route=\/wp\/v2\/media\/8947"}],"wp:attachment":[{"href":"https:\/\/www.ocorreionews.com.br\/acervo-correio\/index.php?rest_route=%2Fwp%2Fv2%2Fmedia&parent=8996"}],"wp:term":[{"taxonomy":"category","embeddable":true,"href":"https:\/\/www.ocorreionews.com.br\/acervo-correio\/index.php?rest_route=%2Fwp%2Fv2%2Fcategories&post=8996"},{"taxonomy":"post_tag","embeddable":true,"href":"https:\/\/www.ocorreionews.com.br\/acervo-correio\/index.php?rest_route=%2Fwp%2Fv2%2Ftags&post=8996"}],"curies":[{"name":"wp","href":"https:\/\/api.w.org\/{rel}","templated":true}]}}