{"id":9002,"date":"2015-08-28T13:50:33","date_gmt":"2015-08-28T17:50:33","guid":{"rendered":"https:\/\/ocorreionews.com.br\/?p=9002"},"modified":"2015-08-28T13:50:33","modified_gmt":"2015-08-28T17:50:33","slug":"secretaria-de-obras-instala-tartarugas-na-avenida-joao-correia-neto-para-reforca-a-seguranca-dos-pedestres","status":"publish","type":"post","link":"https:\/\/www.ocorreionews.com.br\/acervo-correio\/?p=9002","title":{"rendered":"Secretaria de Obras instala \u2018tartarugas\u2019 na Avenida Jo\u00e3o Correia Neto para refor\u00e7a a seguran\u00e7a dos pedestres"},"content":{"rendered":"<div class=\"marginBottom30px link-Internas\">\n<p>A Secretaria Municipal de Transportes, Urbaniza\u00e7\u00e3o e Obras P\u00fablicas instalou obst\u00e1culos \u2018tartarugas\u2019 na Avenida Jo\u00e3o Correia Neto no Bairro Novo Horizonte para refor\u00e7ar a seguran\u00e7a dos pedestres.<\/p>\n<p>A a\u00e7\u00e3o \u00e9 resultado da reuni\u00e3o que o prefeito Waldeli dos Santos Rosa e sua equipe de governo tiveram com os moradores no bairro no final do m\u00eas de julho deste ano. \u201cFoi uma solicita\u00e7\u00e3o da maioria e entendemos ser pertinente uma vez que eles estavam tendo dificuldades para transitar na avenida, principalmente no sentido centro bairro\u201d, comentou o Chefe do Executivo Municipal.<\/p>\n<p>De acordo com o secret\u00e1rio de Transportes, Urbaniza\u00e7\u00e3o e Obras P\u00fablicas, engenheiro Civil Renato Barbosa de Melo, o refor\u00e7o foi instalado, pensando na preserva\u00e7\u00e3o da vida. \u201cNossa inten\u00e7\u00e3o \u00e9 otimizar o espa\u00e7o, pois os tach\u00f5es v\u00e3o dificultar que carros e motos venham a ultrapassarem os limites, dessa forma garantimos maior seguran\u00e7a aos pedestres e ciclistas\u201d.<\/p>\n<p>O secret\u00e1rio Renato Barbosa esteve nesta semana vistoriando a instala\u00e7\u00e3o dos tach\u00f5es. \u201cAs tartarugas j\u00e1 est\u00e3o fazendo a diferen\u00e7a. A interven\u00e7\u00e3o vem proporcionar mais seguran\u00e7a aos usu\u00e1rios, como tamb\u00e9m aos motoristas e ciclistas que trafegam pela a avenida. Os pedestres est\u00e3o utilizando o espa\u00e7o de forma mais segura\u201d afirmou.<\/p>\n<\/div>\n<div class=\"marginBottom30px link-Internas\">ASSECOM\/PMCR<\/div>\n","protected":false},"excerpt":{"rendered":"<p>A Secretaria Municipal de Transportes, Urbaniza\u00e7\u00e3o e Obras P\u00fablicas instalou obst\u00e1culos \u2018tartarugas\u2019 na Avenida Jo\u00e3o Correia Neto no Bairro Novo Horizonte para refor\u00e7ar a seguran\u00e7a dos pedestres. A a\u00e7\u00e3o \u00e9 resultado da reuni\u00e3o que o prefeito Waldeli dos Santos Rosa e sua equipe de governo tiveram com os moradores no bairro no final do m\u00eas [&hellip;]<\/p>\n","protected":false},"author":4,"featured_media":9003,"comment_status":"closed","ping_status":"closed","sticky":false,"template":"","format":"standard","meta":{"footnotes":""},"categories":[25],"tags":[],"class_list":["post-9002","post","type-post","status-publish","format-standard","has-post-thumbnail","hentry","category-costa-rica"],"_links":{"self":[{"href":"https:\/\/www.ocorreionews.com.br\/acervo-correio\/index.php?rest_route=\/wp\/v2\/posts\/9002","targetHints":{"allow":["GET"]}}],"collection":[{"href":"https:\/\/www.ocorreionews.com.br\/acervo-correio\/index.php?rest_route=\/wp\/v2\/posts"}],"about":[{"href":"https:\/\/www.ocorreionews.com.br\/acervo-correio\/index.php?rest_route=\/wp\/v2\/types\/post"}],"author":[{"embeddable":true,"href":"https:\/\/www.ocorreionews.com.br\/acervo-correio\/index.php?rest_route=\/wp\/v2\/users\/4"}],"replies":[{"embeddable":true,"href":"https:\/\/www.ocorreionews.com.br\/acervo-correio\/index.php?rest_route=%2Fwp%2Fv2%2Fcomments&post=9002"}],"version-history":[{"count":0,"href":"https:\/\/www.ocorreionews.com.br\/acervo-correio\/index.php?rest_route=\/wp\/v2\/posts\/9002\/revisions"}],"wp:featuredmedia":[{"embeddable":true,"href":"https:\/\/www.ocorreionews.com.br\/acervo-correio\/index.php?rest_route=\/wp\/v2\/media\/9003"}],"wp:attachment":[{"href":"https:\/\/www.ocorreionews.com.br\/acervo-correio\/index.php?rest_route=%2Fwp%2Fv2%2Fmedia&parent=9002"}],"wp:term":[{"taxonomy":"category","embeddable":true,"href":"https:\/\/www.ocorreionews.com.br\/acervo-correio\/index.php?rest_route=%2Fwp%2Fv2%2Fcategories&post=9002"},{"taxonomy":"post_tag","embeddable":true,"href":"https:\/\/www.ocorreionews.com.br\/acervo-correio\/index.php?rest_route=%2Fwp%2Fv2%2Ftags&post=9002"}],"curies":[{"name":"wp","href":"https:\/\/api.w.org\/{rel}","templated":true}]}}