{"id":9024,"date":"2015-08-28T14:20:31","date_gmt":"2015-08-28T18:20:31","guid":{"rendered":"https:\/\/ocorreionews.com.br\/?p=9024"},"modified":"2015-08-28T14:58:21","modified_gmt":"2015-08-28T18:58:21","slug":"presidente-sonia-busca-beneficios-ao-assentamento-aroeira-na-agraer","status":"publish","type":"post","link":"https:\/\/www.ocorreionews.com.br\/acervo-correio\/?p=9024","title":{"rendered":"Presidente Sonia busca benef\u00edcios ao Assentamento Aroeira na Agraer"},"content":{"rendered":"<p>A Presidente do Poder Legislativo de Chapad\u00e3o do Sul, Vereadora Sonia Maran, esteve na tarde desta quinta-feira (27) na sede da Ag\u00eancia de Desenvolvimento Agr\u00e1rio e Extens\u00e3o Rural (Agraer) onde se reuniu com o Sr. Enelvo Felini, diretor-presidente da entidade.<\/p>\n<p>&nbsp;<\/p>\n<p>Sonia que recentemente esteve visitando o assentamento aroeira em Chapad\u00e3o do Sul, usou da reuni\u00e3o como forma de apresenta\u00e7\u00e3o das a\u00e7\u00f5es que s\u00e3o desenvolvidas no munic\u00edpio, e tamb\u00e9m como forma de inteira\u00e7\u00e3o com o \u00f3rg\u00e3o que segundo ela desempenha um trabalho excelente com os assentados.<\/p>\n<p>&nbsp;<\/p>\n<p>Para a vereadora S\u00f4nia Maran, a visita teve o objetivo de estreitar os la\u00e7os em benef\u00edcio do assentamento Aroeira, que abriga mais de 50 fam\u00edlias. \u201cEstive recentemente com as fam\u00edlias agr\u00edcolas para ouvir as demandas da comunidade e vim at\u00e9 aqui buscar a Agraer por saber que \u00e9 uma entidade que funciona como pe\u00e7a chave na orienta\u00e7\u00e3o de servi\u00e7os dessa ordem\u201d, afirmou.<\/p>\n<p>Fonte: Aline Lira\/ Assessoria de Comunica\u00e7\u00e3o &#8211; Agraer<\/p>\n<p>&nbsp;<\/p>\n","protected":false},"excerpt":{"rendered":"<p>A Presidente do Poder Legislativo de Chapad\u00e3o do Sul, Vereadora Sonia Maran, esteve na tarde desta quinta-feira (27) na sede da Ag\u00eancia de Desenvolvimento Agr\u00e1rio e Extens\u00e3o Rural (Agraer) onde se reuniu com o Sr. Enelvo Felini, diretor-presidente da entidade. &nbsp; Sonia que recentemente esteve visitando o assentamento aroeira em Chapad\u00e3o do Sul, usou da [&hellip;]<\/p>\n","protected":false},"author":4,"featured_media":9025,"comment_status":"closed","ping_status":"closed","sticky":false,"template":"","format":"standard","meta":{"footnotes":""},"categories":[20],"tags":[],"class_list":["post-9024","post","type-post","status-publish","format-standard","has-post-thumbnail","hentry","category-camara-municipal"],"_links":{"self":[{"href":"https:\/\/www.ocorreionews.com.br\/acervo-correio\/index.php?rest_route=\/wp\/v2\/posts\/9024","targetHints":{"allow":["GET"]}}],"collection":[{"href":"https:\/\/www.ocorreionews.com.br\/acervo-correio\/index.php?rest_route=\/wp\/v2\/posts"}],"about":[{"href":"https:\/\/www.ocorreionews.com.br\/acervo-correio\/index.php?rest_route=\/wp\/v2\/types\/post"}],"author":[{"embeddable":true,"href":"https:\/\/www.ocorreionews.com.br\/acervo-correio\/index.php?rest_route=\/wp\/v2\/users\/4"}],"replies":[{"embeddable":true,"href":"https:\/\/www.ocorreionews.com.br\/acervo-correio\/index.php?rest_route=%2Fwp%2Fv2%2Fcomments&post=9024"}],"version-history":[{"count":0,"href":"https:\/\/www.ocorreionews.com.br\/acervo-correio\/index.php?rest_route=\/wp\/v2\/posts\/9024\/revisions"}],"wp:featuredmedia":[{"embeddable":true,"href":"https:\/\/www.ocorreionews.com.br\/acervo-correio\/index.php?rest_route=\/wp\/v2\/media\/9025"}],"wp:attachment":[{"href":"https:\/\/www.ocorreionews.com.br\/acervo-correio\/index.php?rest_route=%2Fwp%2Fv2%2Fmedia&parent=9024"}],"wp:term":[{"taxonomy":"category","embeddable":true,"href":"https:\/\/www.ocorreionews.com.br\/acervo-correio\/index.php?rest_route=%2Fwp%2Fv2%2Fcategories&post=9024"},{"taxonomy":"post_tag","embeddable":true,"href":"https:\/\/www.ocorreionews.com.br\/acervo-correio\/index.php?rest_route=%2Fwp%2Fv2%2Ftags&post=9024"}],"curies":[{"name":"wp","href":"https:\/\/api.w.org\/{rel}","templated":true}]}}