{"id":90264,"date":"2018-07-19T11:35:15","date_gmt":"2018-07-19T15:35:15","guid":{"rendered":"http:\/\/www.ocorreionews.com.br\/?p=90264"},"modified":"2018-07-19T13:36:11","modified_gmt":"2018-07-19T17:36:11","slug":"cassilandia-moradores-dos-bairros-serao-prestigiados-com-almoco-no-aniversario-da-cidade","status":"publish","type":"post","link":"https:\/\/www.ocorreionews.com.br\/acervo-correio\/?p=90264","title":{"rendered":"Cassil\u00e2ndia: Moradores dos bairros ser\u00e3o prestigiados com almo\u00e7o no anivers\u00e1rio da cidade"},"content":{"rendered":"<p>A Prefeitura de Cassil\u00e2ndia est\u00e1 preparando um grande almo\u00e7o tendo no card\u00e1pio arroz de carreteiro,\u00a0 p\u00e3o com carne, refrigerante e \u00e1gua mineral, na sexta-feira, dia 3 de agosto, data do anivers\u00e1rio da cidade.<\/p>\n<p>A iniciativa da administra\u00e7\u00e3o Jair Boni \u00e9 de realizar o almo\u00e7o em dois locais nos bairros \u2013 um na Pra\u00e7a S\u00e3o Joaquim, na Vila Pernambuco, e outro na Feira do Produtor, no Bairro Bom Jesus.<\/p>\n<p>Assim, nestes dois locais, a Prefeitura estar\u00e1 proporcionando dois pontos de encontro nos bairros, prestigiando duas regi\u00f5es com maior popula\u00e7\u00e3o da cidade, a Vila Pernambuco e a Vila Izan\u00f3polis e suas adjac\u00eancias.<\/p>\n<p>A preocupa\u00e7\u00e3o do prefeito \u00e9 quanto aos idosos, pessoas portadoras de necessidades especiais e quem n\u00e3o tem meio de transporte para se locomover, sendo servido o almo\u00e7o mais perto de suas resid\u00eancias.<\/p>\n<p>A secret\u00e1ria de Turismo, Meio Ambiente, Esporte, Lazer e Cultura, Nivalda Candeias, que est\u00e1 otimista quanto \u00e0 realiza\u00e7\u00e3o do almo\u00e7o popular em dois locais diferentes. \u201cOs moradores destes bairros merecem um evento desse, pois as vilas como a Pernambuco t\u00eam um grande n\u00famero de moradores, dentre eles idosos e pessoas que t\u00eam dificuldade de transporte, por isso acredito que esse almo\u00e7o em dois locais ir\u00e1 ser um grande sucesso\u201d, disse Candeias.<\/p>\n<p><em><strong>Cassil\u00e2ndia Urgente<\/strong><\/em><\/p>\n","protected":false},"excerpt":{"rendered":"<p>A Prefeitura de Cassil\u00e2ndia est\u00e1 preparando um grande almo\u00e7o tendo no card\u00e1pio arroz de carreteiro,\u00a0 p\u00e3o com carne, refrigerante e \u00e1gua mineral, na sexta-feira, dia 3 de agosto, data do anivers\u00e1rio da cidade. A iniciativa da administra\u00e7\u00e3o Jair Boni \u00e9 de realizar o almo\u00e7o em dois locais nos bairros \u2013 um na Pra\u00e7a S\u00e3o Joaquim, [&hellip;]<\/p>\n","protected":false},"author":4,"featured_media":90274,"comment_status":"closed","ping_status":"closed","sticky":false,"template":"","format":"standard","meta":{"footnotes":""},"categories":[21],"tags":[],"class_list":["post-90264","post","type-post","status-publish","format-standard","has-post-thumbnail","hentry","category-cassilandia"],"_links":{"self":[{"href":"https:\/\/www.ocorreionews.com.br\/acervo-correio\/index.php?rest_route=\/wp\/v2\/posts\/90264","targetHints":{"allow":["GET"]}}],"collection":[{"href":"https:\/\/www.ocorreionews.com.br\/acervo-correio\/index.php?rest_route=\/wp\/v2\/posts"}],"about":[{"href":"https:\/\/www.ocorreionews.com.br\/acervo-correio\/index.php?rest_route=\/wp\/v2\/types\/post"}],"author":[{"embeddable":true,"href":"https:\/\/www.ocorreionews.com.br\/acervo-correio\/index.php?rest_route=\/wp\/v2\/users\/4"}],"replies":[{"embeddable":true,"href":"https:\/\/www.ocorreionews.com.br\/acervo-correio\/index.php?rest_route=%2Fwp%2Fv2%2Fcomments&post=90264"}],"version-history":[{"count":0,"href":"https:\/\/www.ocorreionews.com.br\/acervo-correio\/index.php?rest_route=\/wp\/v2\/posts\/90264\/revisions"}],"wp:featuredmedia":[{"embeddable":true,"href":"https:\/\/www.ocorreionews.com.br\/acervo-correio\/index.php?rest_route=\/wp\/v2\/media\/90274"}],"wp:attachment":[{"href":"https:\/\/www.ocorreionews.com.br\/acervo-correio\/index.php?rest_route=%2Fwp%2Fv2%2Fmedia&parent=90264"}],"wp:term":[{"taxonomy":"category","embeddable":true,"href":"https:\/\/www.ocorreionews.com.br\/acervo-correio\/index.php?rest_route=%2Fwp%2Fv2%2Fcategories&post=90264"},{"taxonomy":"post_tag","embeddable":true,"href":"https:\/\/www.ocorreionews.com.br\/acervo-correio\/index.php?rest_route=%2Fwp%2Fv2%2Ftags&post=90264"}],"curies":[{"name":"wp","href":"https:\/\/api.w.org\/{rel}","templated":true}]}}