{"id":90271,"date":"2018-07-19T13:36:08","date_gmt":"2018-07-19T17:36:08","guid":{"rendered":"http:\/\/www.ocorreionews.com.br\/?p=90271"},"modified":"2018-07-19T14:16:51","modified_gmt":"2018-07-19T18:16:51","slug":"aeroporto-de-chapadao-do-sul-teve-24-voos-na-ultima-semana","status":"publish","type":"post","link":"https:\/\/www.ocorreionews.com.br\/acervo-correio\/?p=90271","title":{"rendered":"Aeroporto de Chapad\u00e3o do Sul teve 24 voos na \u00faltima semana"},"content":{"rendered":"<p>O Aeroporto Municipal de Chapad\u00e3o do Sul esteve movimentado na \u00faltima semana, devido a 26\u00aa Exposul, com avi\u00f5es de cantores, pol\u00edticos e empres\u00e1rios, no total foram 24 pousos e decolagens na importante estrutura do munic\u00edpio, totalizando uma m\u00e9dia de mais de 3 voos por dia.<\/p>\n<p>Segundo o secret\u00e1rio de Administra\u00e7\u00e3o, Dinho, o Aeroporto Municipal est\u00e1 com estrutura completa para receber os avi\u00f5es durante 24h por dia.<\/p>\n<p>O maior avi\u00e3o durante os setes dias, 9 a 15 de julho, foi o do cantor Gusttavo Lima, que pousou na quarta-feira e decolou na quinta-feira. Trata-se de um EMB 135, com capacidade para at\u00e9 37 passageiros e com comprimento de mais de 26 metros, pesando mais de 11 toneladas.<\/p>\n<p><strong>Obras Continuam<\/strong><\/p>\n<p>No local est\u00e1 sendo constru\u00eddo o terminal de passageiros, obra lan\u00e7ada pelo Executivo Municipal na \u00faltima quinta-feira, 12, com o apoio da C\u00e2mara de Vereadores e do Governo do Estado do MS, totalizando um investimento de R$ 715.476,44.<\/p>\n<p>O local ser\u00e1 pe\u00e7a-chave para que Chapad\u00e3o do Sul consiga atrair voos regulares de empresa de transporte a\u00e9reo, o que colaboraria para o continuo desenvolvimento e progresso de Chapad\u00e3o do Sul, bem como de toda regi\u00e3o, sendo essa obra uma das mais aguardadas pela popula\u00e7\u00e3o nos \u00faltimos anos.<\/p>\n<p><img decoding=\"async\" src=\"http:\/\/www.chapadaodosul.ms.gov.br\/admin\/arquivos\/images\/19.01.jpeg\" alt=\"\" \/>\u00a0<img decoding=\"async\" src=\"http:\/\/www.chapadaodosul.ms.gov.br\/admin\/arquivos\/images\/19.03.jpeg\" alt=\"\" \/><\/p>\n<p><strong>Aeroporto de Chapad\u00e3o do Sul<\/strong><\/p>\n<p>O acesso para Aeroporto de Chapad\u00e3o do Sul est\u00e1 na MS-306 a aproximadamente 15 quil\u00f4metros da cidade. O aeroporto est\u00e1 em uma altitude de 806 metros, e a pista tem dimens\u00f5es de 2.000 metros de comprimento por 30 metros de largura, toda asfaltada, segundo dados da ANAC. O telefone para contato \u00e9 (67) 99967-9755.<\/p>\n<p>O Aeroporto Municipal est\u00e1 recebendo cada vez mais melhorias, pois a atual Administra\u00e7\u00e3o Municipal sabe que essa poder\u00e1 ser uma grande porta para alavancar ainda mais o progresso e o desenvolvimento de Chapad\u00e3o do Sul.<\/p>\n<p>&nbsp;<\/p>\n<p>&nbsp;<\/p>\n<p>*Assecom PMCS<\/p>\n","protected":false},"excerpt":{"rendered":"<p>O Aeroporto Municipal de Chapad\u00e3o do Sul esteve movimentado na \u00faltima semana, devido a 26\u00aa Exposul, com avi\u00f5es de cantores, pol\u00edticos e empres\u00e1rios, no total foram 24 pousos e decolagens na importante estrutura do munic\u00edpio, totalizando uma m\u00e9dia de mais de 3 voos por dia. Segundo o secret\u00e1rio de Administra\u00e7\u00e3o, Dinho, o Aeroporto Municipal est\u00e1 [&hellip;]<\/p>\n","protected":false},"author":5,"featured_media":90273,"comment_status":"closed","ping_status":"closed","sticky":false,"template":"","format":"standard","meta":{"footnotes":""},"categories":[23],"tags":[],"class_list":["post-90271","post","type-post","status-publish","format-standard","has-post-thumbnail","hentry","category-chapadao-do-sul"],"_links":{"self":[{"href":"https:\/\/www.ocorreionews.com.br\/acervo-correio\/index.php?rest_route=\/wp\/v2\/posts\/90271","targetHints":{"allow":["GET"]}}],"collection":[{"href":"https:\/\/www.ocorreionews.com.br\/acervo-correio\/index.php?rest_route=\/wp\/v2\/posts"}],"about":[{"href":"https:\/\/www.ocorreionews.com.br\/acervo-correio\/index.php?rest_route=\/wp\/v2\/types\/post"}],"author":[{"embeddable":true,"href":"https:\/\/www.ocorreionews.com.br\/acervo-correio\/index.php?rest_route=\/wp\/v2\/users\/5"}],"replies":[{"embeddable":true,"href":"https:\/\/www.ocorreionews.com.br\/acervo-correio\/index.php?rest_route=%2Fwp%2Fv2%2Fcomments&post=90271"}],"version-history":[{"count":0,"href":"https:\/\/www.ocorreionews.com.br\/acervo-correio\/index.php?rest_route=\/wp\/v2\/posts\/90271\/revisions"}],"wp:featuredmedia":[{"embeddable":true,"href":"https:\/\/www.ocorreionews.com.br\/acervo-correio\/index.php?rest_route=\/wp\/v2\/media\/90273"}],"wp:attachment":[{"href":"https:\/\/www.ocorreionews.com.br\/acervo-correio\/index.php?rest_route=%2Fwp%2Fv2%2Fmedia&parent=90271"}],"wp:term":[{"taxonomy":"category","embeddable":true,"href":"https:\/\/www.ocorreionews.com.br\/acervo-correio\/index.php?rest_route=%2Fwp%2Fv2%2Fcategories&post=90271"},{"taxonomy":"post_tag","embeddable":true,"href":"https:\/\/www.ocorreionews.com.br\/acervo-correio\/index.php?rest_route=%2Fwp%2Fv2%2Ftags&post=90271"}],"curies":[{"name":"wp","href":"https:\/\/api.w.org\/{rel}","templated":true}]}}