{"id":9042,"date":"2015-08-29T17:37:18","date_gmt":"2015-08-29T21:37:18","guid":{"rendered":"https:\/\/ocorreionews.com.br\/?p=9042"},"modified":"2015-08-29T17:38:48","modified_gmt":"2015-08-29T21:38:48","slug":"homem-e-preso-suspeito-de-estuprar-tres-enteadas-adolescentes-em-costa-rica","status":"publish","type":"post","link":"https:\/\/www.ocorreionews.com.br\/acervo-correio\/?p=9042","title":{"rendered":"Costa Rica &#8211; Padrasto \u00e9 acusado de estuprar enteadas e m\u00e3e sabia"},"content":{"rendered":"<p style=\"text-align: justify;\">Um homem de 44 anos foi preso por suspeita de estuprar tr\u00eas enteadas, de 12, 13 e 16 anos, no distrito de Lage em Costa Rica. De acordo com o site Eu Conto Tudo, o abuso ocorria h\u00e1 pelo menos dois anos e a m\u00e3e das meninas tinha conhecimento do caso.<\/p>\n<p style=\"text-align: justify;\">Conforme o site, o Conselho Tutelar do munic\u00edpio tomou conhecimento do caso e encaminhou \u00e0s adolescentes at\u00e9 uma unidade, onde elas relataram os abusos para uma psic\u00f3loga.<\/p>\n<p style=\"text-align: justify;\">O relato \u00e9 de que todas as noites a m\u00e3e ia na casa da vizinha e o homem ficava sozinho com as meninas, momento em que levava a mais velha para um quarto nos fundos da casa e mantinha rela\u00e7\u00f5es sexuais. Todas as meninas sofriam viol\u00eancia sexual, por\u00e9m, a mais velha era com mais frequ\u00eancia.<\/p>\n<p style=\"text-align: justify;\">Constantemente amea\u00e7ada, a menina nunca denunciou o caso. J\u00e1 a mais nova contou para a m\u00e3e que viu o padrasto abusando da irm\u00e3, mas a mulher mandou que a menina ficasse quieta e n\u00e3o contasse o caso para ningu\u00e9m.<\/p>\n<p style=\"text-align: justify;\">\u00c0 pol\u00edcia, a mulher disse que n\u00e3o tinha condi\u00e7\u00f5es de sustentar a fam\u00edlia sozinha e por este motivo n\u00e3o se separava do suspeito.<\/p>\n<p style=\"text-align: justify;\">O homem foi preso em casa e encaminhado para \u00e0 Delegacia de Pol\u00edcia Civil de Costa Rica, onde o caso est\u00e1 sendo investigado.<\/p>\n<h6 style=\"text-align: justify;\">Correio do Estado<\/h6>\n","protected":false},"excerpt":{"rendered":"<p>Um homem de 44 anos foi preso por suspeita de estuprar tr\u00eas enteadas, de 12, 13 e 16 anos, no distrito de Lage em Costa Rica. De acordo com o site Eu Conto Tudo, o abuso ocorria h\u00e1 pelo menos dois anos e a m\u00e3e das meninas tinha conhecimento do caso. Conforme o site, o [&hellip;]<\/p>\n","protected":false},"author":4,"featured_media":2862,"comment_status":"closed","ping_status":"closed","sticky":false,"template":"","format":"standard","meta":{"footnotes":""},"categories":[25,38],"tags":[],"class_list":["post-9042","post","type-post","status-publish","format-standard","has-post-thumbnail","hentry","category-costa-rica","category-policia"],"_links":{"self":[{"href":"https:\/\/www.ocorreionews.com.br\/acervo-correio\/index.php?rest_route=\/wp\/v2\/posts\/9042","targetHints":{"allow":["GET"]}}],"collection":[{"href":"https:\/\/www.ocorreionews.com.br\/acervo-correio\/index.php?rest_route=\/wp\/v2\/posts"}],"about":[{"href":"https:\/\/www.ocorreionews.com.br\/acervo-correio\/index.php?rest_route=\/wp\/v2\/types\/post"}],"author":[{"embeddable":true,"href":"https:\/\/www.ocorreionews.com.br\/acervo-correio\/index.php?rest_route=\/wp\/v2\/users\/4"}],"replies":[{"embeddable":true,"href":"https:\/\/www.ocorreionews.com.br\/acervo-correio\/index.php?rest_route=%2Fwp%2Fv2%2Fcomments&post=9042"}],"version-history":[{"count":0,"href":"https:\/\/www.ocorreionews.com.br\/acervo-correio\/index.php?rest_route=\/wp\/v2\/posts\/9042\/revisions"}],"wp:featuredmedia":[{"embeddable":true,"href":"https:\/\/www.ocorreionews.com.br\/acervo-correio\/index.php?rest_route=\/wp\/v2\/media\/2862"}],"wp:attachment":[{"href":"https:\/\/www.ocorreionews.com.br\/acervo-correio\/index.php?rest_route=%2Fwp%2Fv2%2Fmedia&parent=9042"}],"wp:term":[{"taxonomy":"category","embeddable":true,"href":"https:\/\/www.ocorreionews.com.br\/acervo-correio\/index.php?rest_route=%2Fwp%2Fv2%2Fcategories&post=9042"},{"taxonomy":"post_tag","embeddable":true,"href":"https:\/\/www.ocorreionews.com.br\/acervo-correio\/index.php?rest_route=%2Fwp%2Fv2%2Ftags&post=9042"}],"curies":[{"name":"wp","href":"https:\/\/api.w.org\/{rel}","templated":true}]}}