{"id":9046,"date":"2015-08-30T09:37:09","date_gmt":"2015-08-30T13:37:09","guid":{"rendered":"https:\/\/ocorreionews.com.br\/?p=9046"},"modified":"2015-08-30T09:37:09","modified_gmt":"2015-08-30T13:37:09","slug":"confronto-por-terra-ja-tem-um-morto-um-ferido-e-policia-procura-mais-vitimas","status":"publish","type":"post","link":"https:\/\/www.ocorreionews.com.br\/acervo-correio\/?p=9046","title":{"rendered":"Confronto por terra j\u00e1 tem um morto, um ferido e pol\u00edcia procura mais v\u00edtimas"},"content":{"rendered":"<p style=\"text-align: justify;\">O confronto por terra entre fazendeiros e ind\u00edgenas no munic\u00edpio de Ant\u00f4nio Jo\u00e3o, distante 341 quil\u00f4metros de Campo Grande j\u00e1 tem um \u00edndio morto e outro ferido. A pol\u00edcia ainda est\u00e1 fazendo buscas pela regi\u00e3o na expectativa de encontrar novas v\u00edtimas.<\/p>\n<p style=\"text-align: justify;\">No final da tarde deste s\u00e1bado (30), por volta das 17 horas, foi confirmada a primeira morte. Conforme lideran\u00e7as ind\u00edgenas a v\u00edtima \u00e9 um dos l\u00edderes da tribo identificado como Semion Vilhava. Os policiais ainda n\u00e3o confirmaram a identidade da v\u00edtima.<\/p>\n<p style=\"text-align: justify;\">Em nota, o governo do Estado informou que a per\u00edcia est\u00e1 no local, que a \u00e1rea foi isolada e t\u00e3o logo os levantamentos sejam feitos o corpo ser\u00e1 encaminhado para o Instituto M\u00e9dico Legal de Ponta Por\u00e3, para exame necrosc\u00f3pico que ir\u00e1 indicar as causas da morte.<\/p>\n<p style=\"text-align: justify;\">No texto o governo do Estado afirma estar acompanhando &#8220;de perto e com muita aten\u00e7\u00e3o o desenrolar dos fatos e todas as comunica\u00e7\u00f5es e provid\u00eancias necess\u00e1rias est\u00e3o sendo adotadas junto ao Governo Federal com o objetivo de evitar confrontos e assegurar os direitos&#8221;.<\/p>\n<p style=\"text-align: justify;\">Policiais da PMRE (Pol\u00edcia Militar Rodovi\u00e1ria Estadual) disseram que os fazendeiros deixaram o local de conflito, por\u00e9m a Pol\u00edcia Militar da cidade disse que todas as partes ainda permanecem na Fazenda Fronteira.<\/p>\n<p style=\"text-align: justify;\">Equipes da For\u00e7a Nacional, DOF (Departamento de Opera\u00e7\u00f5es de Fronteira) e a PMRE (Pol\u00edcia Militar Rodovi\u00e1ria Estadual) refor\u00e7am o policiamento no local.At\u00e9 segunda ordem as for\u00e7as policiais do Estado permanecem na regi\u00e3o, segundo divulgou o governo.<\/p>\n<p style=\"text-align: justify;\"><strong>Crime<\/strong><\/p>\n<p style=\"text-align: justify;\">De acordo com policiais do DOF, o \u00edndio foi morto com um tiro na cabe\u00e7a de um revolver calibre 22. Os ind\u00edgenas disseram que a v\u00edtima levou tr\u00eas tiros na cabe\u00e7a e n\u00e3o apenas um, como foi divulgado pelo policiais. (Atualizada \u00e0s 19h16 para acr\u00e9scimo de informa\u00e7\u00f5es).<\/p>\n<p style=\"text-align: justify;\">A \u00e1rea reivindicada pelos ind\u00edgenas, de 9.300 hectares \u00e9 chamada de terra ind\u00edgena Nhanderu Marangatu, e chegou a ser homologada em junho de 2005, pelo ent\u00e3o presidente Luiz In\u00e1cio Lula da Silva. Mas, \u00e0 \u00e9poca, o presidente do STF (Supremo Tribunal Federal), Nelson Jobim, anulou o ato, a pedido dos fazendeiros.<\/p>\n<p style=\"text-align: justify;\"><span class=\"author\">Kemila Pellin<\/span> midiamax<\/p>\n<p style=\"text-align: justify;\">foto : L\u00e9o Veras<\/p>\n","protected":false},"excerpt":{"rendered":"<p>O confronto por terra entre fazendeiros e ind\u00edgenas no munic\u00edpio de Ant\u00f4nio Jo\u00e3o, distante 341 quil\u00f4metros de Campo Grande j\u00e1 tem um \u00edndio morto e outro ferido. A pol\u00edcia ainda est\u00e1 fazendo buscas pela regi\u00e3o na expectativa de encontrar novas v\u00edtimas. No final da tarde deste s\u00e1bado (30), por volta das 17 horas, foi confirmada [&hellip;]<\/p>\n","protected":false},"author":4,"featured_media":9047,"comment_status":"closed","ping_status":"closed","sticky":false,"template":"","format":"standard","meta":{"footnotes":""},"categories":[31,38],"tags":[],"class_list":["post-9046","post","type-post","status-publish","format-standard","has-post-thumbnail","hentry","category-geral","category-policia"],"_links":{"self":[{"href":"https:\/\/www.ocorreionews.com.br\/acervo-correio\/index.php?rest_route=\/wp\/v2\/posts\/9046","targetHints":{"allow":["GET"]}}],"collection":[{"href":"https:\/\/www.ocorreionews.com.br\/acervo-correio\/index.php?rest_route=\/wp\/v2\/posts"}],"about":[{"href":"https:\/\/www.ocorreionews.com.br\/acervo-correio\/index.php?rest_route=\/wp\/v2\/types\/post"}],"author":[{"embeddable":true,"href":"https:\/\/www.ocorreionews.com.br\/acervo-correio\/index.php?rest_route=\/wp\/v2\/users\/4"}],"replies":[{"embeddable":true,"href":"https:\/\/www.ocorreionews.com.br\/acervo-correio\/index.php?rest_route=%2Fwp%2Fv2%2Fcomments&post=9046"}],"version-history":[{"count":0,"href":"https:\/\/www.ocorreionews.com.br\/acervo-correio\/index.php?rest_route=\/wp\/v2\/posts\/9046\/revisions"}],"wp:featuredmedia":[{"embeddable":true,"href":"https:\/\/www.ocorreionews.com.br\/acervo-correio\/index.php?rest_route=\/wp\/v2\/media\/9047"}],"wp:attachment":[{"href":"https:\/\/www.ocorreionews.com.br\/acervo-correio\/index.php?rest_route=%2Fwp%2Fv2%2Fmedia&parent=9046"}],"wp:term":[{"taxonomy":"category","embeddable":true,"href":"https:\/\/www.ocorreionews.com.br\/acervo-correio\/index.php?rest_route=%2Fwp%2Fv2%2Fcategories&post=9046"},{"taxonomy":"post_tag","embeddable":true,"href":"https:\/\/www.ocorreionews.com.br\/acervo-correio\/index.php?rest_route=%2Fwp%2Fv2%2Ftags&post=9046"}],"curies":[{"name":"wp","href":"https:\/\/api.w.org\/{rel}","templated":true}]}}