{"id":9049,"date":"2015-08-30T10:01:32","date_gmt":"2015-08-30T14:01:32","guid":{"rendered":"https:\/\/ocorreionews.com.br\/?p=9049"},"modified":"2015-08-30T10:03:04","modified_gmt":"2015-08-30T14:03:04","slug":"jorge-michell-e-o-novo-presidente-do-pmdb-de-chapadao-do-sul","status":"publish","type":"post","link":"https:\/\/www.ocorreionews.com.br\/acervo-correio\/?p=9049","title":{"rendered":"Jorge Michell  \u00e9 o novo presidente do PMDB de Chapad\u00e3o do Sul"},"content":{"rendered":"<p style=\"text-align: justify;\">O produtor\u00a0 rural <strong>Jorge Michelc<\/strong> \u00e9 o novo presidente do PMDB de Chapad\u00e3o do Sul. Ele \u00e9 um nome de consenso e a homologa\u00e7\u00e3o se deu na manh\u00e3 deste s\u00e1bado no galp\u00e3o do CTG Cultivando a Tradi\u00e7\u00e3o. Tido como excelente interlocutor ele implantar\u00e1 como lema no partido a busca de solu\u00e7\u00f5es de interesses coletivos acima dos individuais com filosofia pol\u00edtica e de gest\u00e3o. Michelc \u00e9 profundo conhecedor\u00a0 de quest\u00f5es ligadas \u00e0 produ\u00e7\u00e3o e dos problemas bairros da cidade. Seu perfil foi tido como o ideal pela c\u00fapula peemedebista do munic\u00edpio. Durante a conven\u00e7\u00e3o foram feitas v\u00e1rias manifesta\u00e7\u00f5es contr\u00e1rias ao posicionamento pol\u00edtico da c\u00fapula nacional da agremia\u00e7\u00e3o.<\/p>\n<p style=\"text-align: justify;\">O nome do empres\u00e1rio <strong>Lauri Dalbosco<\/strong> continua\u00a0 em alta e na condi\u00e7\u00e3o de quadro com capacidade de ser transformado em <strong>pr\u00e9-candidato<\/strong> com possibilidade de vencer a disputa pelo cargo eletivo mais importante do munic\u00edpio. \u00a0Ele atrair\u00e1 um contingente significativo da classe produtiva, mola propulsora da economia, do com\u00e9rcio e outros setores importantes. Ensaiou uma candidatura na \u00faltima elei\u00e7\u00e3o e agora coloca seu nome \u00e0 disposi\u00e7\u00e3o do partido desde o in\u00edcio dos primeiros movimentos sucess\u00f3rios.<\/p>\n<p style=\"text-align: justify;\">chapadensenews<\/p>\n","protected":false},"excerpt":{"rendered":"<p>O produtor\u00a0 rural Jorge Michelc \u00e9 o novo presidente do PMDB de Chapad\u00e3o do Sul. Ele \u00e9 um nome de consenso e a homologa\u00e7\u00e3o se deu na manh\u00e3 deste s\u00e1bado no galp\u00e3o do CTG Cultivando a Tradi\u00e7\u00e3o. Tido como excelente interlocutor ele implantar\u00e1 como lema no partido a busca de solu\u00e7\u00f5es de interesses coletivos acima [&hellip;]<\/p>\n","protected":false},"author":4,"featured_media":9050,"comment_status":"closed","ping_status":"closed","sticky":false,"template":"","format":"standard","meta":{"footnotes":""},"categories":[23,37],"tags":[],"class_list":["post-9049","post","type-post","status-publish","format-standard","has-post-thumbnail","hentry","category-chapadao-do-sul","category-politica"],"_links":{"self":[{"href":"https:\/\/www.ocorreionews.com.br\/acervo-correio\/index.php?rest_route=\/wp\/v2\/posts\/9049","targetHints":{"allow":["GET"]}}],"collection":[{"href":"https:\/\/www.ocorreionews.com.br\/acervo-correio\/index.php?rest_route=\/wp\/v2\/posts"}],"about":[{"href":"https:\/\/www.ocorreionews.com.br\/acervo-correio\/index.php?rest_route=\/wp\/v2\/types\/post"}],"author":[{"embeddable":true,"href":"https:\/\/www.ocorreionews.com.br\/acervo-correio\/index.php?rest_route=\/wp\/v2\/users\/4"}],"replies":[{"embeddable":true,"href":"https:\/\/www.ocorreionews.com.br\/acervo-correio\/index.php?rest_route=%2Fwp%2Fv2%2Fcomments&post=9049"}],"version-history":[{"count":0,"href":"https:\/\/www.ocorreionews.com.br\/acervo-correio\/index.php?rest_route=\/wp\/v2\/posts\/9049\/revisions"}],"wp:featuredmedia":[{"embeddable":true,"href":"https:\/\/www.ocorreionews.com.br\/acervo-correio\/index.php?rest_route=\/wp\/v2\/media\/9050"}],"wp:attachment":[{"href":"https:\/\/www.ocorreionews.com.br\/acervo-correio\/index.php?rest_route=%2Fwp%2Fv2%2Fmedia&parent=9049"}],"wp:term":[{"taxonomy":"category","embeddable":true,"href":"https:\/\/www.ocorreionews.com.br\/acervo-correio\/index.php?rest_route=%2Fwp%2Fv2%2Fcategories&post=9049"},{"taxonomy":"post_tag","embeddable":true,"href":"https:\/\/www.ocorreionews.com.br\/acervo-correio\/index.php?rest_route=%2Fwp%2Fv2%2Ftags&post=9049"}],"curies":[{"name":"wp","href":"https:\/\/api.w.org\/{rel}","templated":true}]}}