{"id":9058,"date":"2015-08-30T17:50:26","date_gmt":"2015-08-30T21:50:26","guid":{"rendered":"https:\/\/ocorreionews.com.br\/?p=9058"},"modified":"2015-08-30T17:50:26","modified_gmt":"2015-08-30T21:50:26","slug":"carreta-carregada-de-papelao-pegou-fogo-na-go-302-saida-itajacassilandia","status":"publish","type":"post","link":"https:\/\/www.ocorreionews.com.br\/acervo-correio\/?p=9058","title":{"rendered":"Carreta carregada de papel\u00e3o pegou fogo na GO-302 sa\u00edda Itaj\u00e1\/Cassil\u00e2ndia"},"content":{"rendered":"<p style=\"text-align: justify;\">Por volta das 5 horas da manh\u00e3 deste domingo, na GO-302 sa\u00edda Itaj\u00e1\/Cassil\u00e2ndia, uma carreta que transportava papel\u00e3o pegou fogo e foi toda destru\u00edda pelas chamas. Na cidade e na regi\u00e3o n\u00e3o existem bombeiros. Um caminh\u00e3o pipa da prefeitura, esteve no local, mas, apenas para controlar o foco na vegeta\u00e7\u00e3o que fica ao lado da rodovia. Devido ao fogo e a forte fuma\u00e7a e tr\u00e2nsito ficou interrompido e muito lento.<\/p>\n<p style=\"text-align: justify;\">Caminh\u00e3o pipa e m\u00e1quinas da prefeitura de Itaj\u00e1, deram total apoio, para apagar o fogo e na limpeza da pista, juntamente com a Pol\u00edcia Rodovi\u00e1ria.<\/p>\n<p style=\"text-align: justify;\"><a href=\"https:\/\/ocorreionews.com.br\/wp-content\/uploads\/2015\/08\/ac-itaja-tile.jpg\"><img loading=\"lazy\" decoding=\"async\" class=\"alignnone size-full wp-image-9060\" src=\"https:\/\/ocorreionews.com.br\/wp-content\/uploads\/2015\/08\/ac-itaja-tile.jpg\" alt=\"ac itaja-tile\" width=\"600\" height=\"450\" srcset=\"https:\/\/www.ocorreionews.com.br\/acervo-correio\/wp-content\/uploads\/2015\/08\/ac-itaja-tile.jpg 600w, https:\/\/www.ocorreionews.com.br\/acervo-correio\/wp-content\/uploads\/2015\/08\/ac-itaja-tile-300x225.jpg 300w, https:\/\/www.ocorreionews.com.br\/acervo-correio\/wp-content\/uploads\/2015\/08\/ac-itaja-tile-100x75.jpg 100w\" sizes=\"auto, (max-width: 600px) 100vw, 600px\" \/><\/a><\/p>\n<p style=\"text-align: justify;\">fotos Tribuna<\/p>\n","protected":false},"excerpt":{"rendered":"<p>Por volta das 5 horas da manh\u00e3 deste domingo, na GO-302 sa\u00edda Itaj\u00e1\/Cassil\u00e2ndia, uma carreta que transportava papel\u00e3o pegou fogo e foi toda destru\u00edda pelas chamas. Na cidade e na regi\u00e3o n\u00e3o existem bombeiros. Um caminh\u00e3o pipa da prefeitura, esteve no local, mas, apenas para controlar o foco na vegeta\u00e7\u00e3o que fica ao lado da [&hellip;]<\/p>\n","protected":false},"author":4,"featured_media":9059,"comment_status":"closed","ping_status":"closed","sticky":false,"template":"","format":"standard","meta":{"footnotes":""},"categories":[38],"tags":[],"class_list":["post-9058","post","type-post","status-publish","format-standard","has-post-thumbnail","hentry","category-policia"],"_links":{"self":[{"href":"https:\/\/www.ocorreionews.com.br\/acervo-correio\/index.php?rest_route=\/wp\/v2\/posts\/9058","targetHints":{"allow":["GET"]}}],"collection":[{"href":"https:\/\/www.ocorreionews.com.br\/acervo-correio\/index.php?rest_route=\/wp\/v2\/posts"}],"about":[{"href":"https:\/\/www.ocorreionews.com.br\/acervo-correio\/index.php?rest_route=\/wp\/v2\/types\/post"}],"author":[{"embeddable":true,"href":"https:\/\/www.ocorreionews.com.br\/acervo-correio\/index.php?rest_route=\/wp\/v2\/users\/4"}],"replies":[{"embeddable":true,"href":"https:\/\/www.ocorreionews.com.br\/acervo-correio\/index.php?rest_route=%2Fwp%2Fv2%2Fcomments&post=9058"}],"version-history":[{"count":0,"href":"https:\/\/www.ocorreionews.com.br\/acervo-correio\/index.php?rest_route=\/wp\/v2\/posts\/9058\/revisions"}],"wp:featuredmedia":[{"embeddable":true,"href":"https:\/\/www.ocorreionews.com.br\/acervo-correio\/index.php?rest_route=\/wp\/v2\/media\/9059"}],"wp:attachment":[{"href":"https:\/\/www.ocorreionews.com.br\/acervo-correio\/index.php?rest_route=%2Fwp%2Fv2%2Fmedia&parent=9058"}],"wp:term":[{"taxonomy":"category","embeddable":true,"href":"https:\/\/www.ocorreionews.com.br\/acervo-correio\/index.php?rest_route=%2Fwp%2Fv2%2Fcategories&post=9058"},{"taxonomy":"post_tag","embeddable":true,"href":"https:\/\/www.ocorreionews.com.br\/acervo-correio\/index.php?rest_route=%2Fwp%2Fv2%2Ftags&post=9058"}],"curies":[{"name":"wp","href":"https:\/\/api.w.org\/{rel}","templated":true}]}}