{"id":9062,"date":"2015-08-30T17:52:22","date_gmt":"2015-08-30T21:52:22","guid":{"rendered":"https:\/\/ocorreionews.com.br\/?p=9062"},"modified":"2015-08-30T17:55:43","modified_gmt":"2015-08-30T21:55:43","slug":"tragedia-anunciada-no-mato-grosso-do-sul","status":"publish","type":"post","link":"https:\/\/www.ocorreionews.com.br\/acervo-correio\/?p=9062","title":{"rendered":"Trag\u00e9dia anunciada no Mato Grosso do Sul"},"content":{"rendered":"<p style=\"text-align: justify;\">O Mato Grosso do Sul est\u00e1 em p\u00e9 de guerra devido a invas\u00f5es ind\u00edgenas em fazendas de produtores agr\u00edcolas, principalmen<span class=\"text_exposed_show\">te na cidade de Ant\u00f4nio Jo\u00e3o. Alegando morosidade da justi\u00e7a para decidir sobre quest\u00f5es de terras locais os \u00edndios da regi\u00e3o invadiram e seguem expulsando fazendeiros de suas casas, cometendo c\u00e1rcere privado, les\u00f5es corporais, inj\u00farias e at\u00e9 tortura. Com base em fontes da regi\u00e3o o caso est\u00e1 na justi\u00e7a federal e cabe \u00e0 Pol\u00edcia Federal fazer a reintegra\u00e7\u00e3o das propriedades, por\u00e9m a PF n\u00e3o tem efetivo suficiente para tanto. A PM por sua vez necessita de um pedido formal para auxiliar na opera\u00e7\u00e3o, mas a PF n\u00e3o lhe endere\u00e7a um of\u00edcio porque o pr\u00f3prio Ministro da Justi\u00e7a, Jos\u00e9 Eduardo Cardoso, entende que se trata de uma retomada de terras ind\u00edgenas e n\u00e3o de uma invas\u00e3o. Ou seja, sob sua \u00f3tica est\u00e1 tudo certo. Estamos falando de trabalhadores rurais que h\u00e1 mais de 40 anos plantam na regi\u00e3o, isto \u00e9 muito mais tempo do que o necess\u00e1rio para ser ter o direito de propriedade das terras (usucapi\u00e3o), se este fosse o caso. Mas n\u00e3o \u00e9, tratam-se de terras adquiridas legalmente. <\/span><\/p>\n<div class=\"text_exposed_show\">\n<p style=\"text-align: justify;\">Continuando as incredulidades tem-se a CNBB (bispos cat\u00f3licos comunistas), a CIMI (Conselho Indigenista Mission\u00e1rio), a pr\u00f3pria FUNAI e, claro, ONG&#8217;s &#8211; estas a mando de ingleses &#8211; incentivando e agitando as invas\u00f5es. Fazendeiros relatam que \u00edndios chegaram a entrar em fazendas at\u00e9 mesmo atrav\u00e9s de carros da For\u00e7a Nacional.<\/p>\n<p style=\"text-align: justify;\">Voc\u00ea j\u00e1 se imaginou chegando em casa e tendo um desconhecido l\u00e1 lhe impedindo de entrar porque ele acha que tem mais direitos do que voc\u00ea, ainda que voc\u00ea tenha comprado a casa com base em muito suor seu e de sua fam\u00edlia? Bem vindo ao socialismo, pseudo nome do comunismo. O ideal seria o governo indenizar os \u00edndios, se de fato eles tiverem direitos sobre as terras, mas ao cruzar os bra\u00e7os ele compactua com uma trag\u00e9dia anunciada. Que Deus nos proteja, mas se algo ocorrer da\u00ed sim a imprensa, que agora n\u00e3o d\u00e1 a devida aten\u00e7\u00e3o ao caso, ir\u00e1 demonizar certamente os fazendeiros. Hoje \u00e9 com a terra e direitos dos agricultores, amanh\u00e3 ser\u00e1 com a nossa.<\/p>\n<p style=\"text-align: justify;\"><a href=\"https:\/\/www.facebook.com\/bolsonaro.enb\/videos\/435315376661092\/?fref=nf\">Eduardo Bolsonaro<\/a><\/p>\n<\/div>\n","protected":false},"excerpt":{"rendered":"<p>O Mato Grosso do Sul est\u00e1 em p\u00e9 de guerra devido a invas\u00f5es ind\u00edgenas em fazendas de produtores agr\u00edcolas, principalmente na cidade de Ant\u00f4nio Jo\u00e3o. Alegando morosidade da justi\u00e7a para decidir sobre quest\u00f5es de terras locais os \u00edndios da regi\u00e3o invadiram e seguem expulsando fazendeiros de suas casas, cometendo c\u00e1rcere privado, les\u00f5es corporais, inj\u00farias e [&hellip;]<\/p>\n","protected":false},"author":4,"featured_media":9047,"comment_status":"closed","ping_status":"closed","sticky":false,"template":"","format":"standard","meta":{"footnotes":""},"categories":[17],"tags":[],"class_list":["post-9062","post","type-post","status-publish","format-standard","has-post-thumbnail","hentry","category-agropecuaria"],"_links":{"self":[{"href":"https:\/\/www.ocorreionews.com.br\/acervo-correio\/index.php?rest_route=\/wp\/v2\/posts\/9062","targetHints":{"allow":["GET"]}}],"collection":[{"href":"https:\/\/www.ocorreionews.com.br\/acervo-correio\/index.php?rest_route=\/wp\/v2\/posts"}],"about":[{"href":"https:\/\/www.ocorreionews.com.br\/acervo-correio\/index.php?rest_route=\/wp\/v2\/types\/post"}],"author":[{"embeddable":true,"href":"https:\/\/www.ocorreionews.com.br\/acervo-correio\/index.php?rest_route=\/wp\/v2\/users\/4"}],"replies":[{"embeddable":true,"href":"https:\/\/www.ocorreionews.com.br\/acervo-correio\/index.php?rest_route=%2Fwp%2Fv2%2Fcomments&post=9062"}],"version-history":[{"count":0,"href":"https:\/\/www.ocorreionews.com.br\/acervo-correio\/index.php?rest_route=\/wp\/v2\/posts\/9062\/revisions"}],"wp:featuredmedia":[{"embeddable":true,"href":"https:\/\/www.ocorreionews.com.br\/acervo-correio\/index.php?rest_route=\/wp\/v2\/media\/9047"}],"wp:attachment":[{"href":"https:\/\/www.ocorreionews.com.br\/acervo-correio\/index.php?rest_route=%2Fwp%2Fv2%2Fmedia&parent=9062"}],"wp:term":[{"taxonomy":"category","embeddable":true,"href":"https:\/\/www.ocorreionews.com.br\/acervo-correio\/index.php?rest_route=%2Fwp%2Fv2%2Fcategories&post=9062"},{"taxonomy":"post_tag","embeddable":true,"href":"https:\/\/www.ocorreionews.com.br\/acervo-correio\/index.php?rest_route=%2Fwp%2Fv2%2Ftags&post=9062"}],"curies":[{"name":"wp","href":"https:\/\/api.w.org\/{rel}","templated":true}]}}