{"id":9085,"date":"2015-08-31T09:02:40","date_gmt":"2015-08-31T13:02:40","guid":{"rendered":"https:\/\/ocorreionews.com.br\/?p=9085"},"modified":"2015-08-31T09:03:38","modified_gmt":"2015-08-31T13:03:38","slug":"camara-municipal-tera-duas-audiencias-publicas-esta-semana","status":"publish","type":"post","link":"https:\/\/www.ocorreionews.com.br\/acervo-correio\/?p=9085","title":{"rendered":"C\u00e2mara Municipal ter\u00e1 duas audi\u00eancias p\u00fablicas esta semana"},"content":{"rendered":"<p>Nesta ter\u00e7a feira (01) as 18h30m a Comiss\u00e3o Especial presidida pela Vereadora T\u00e2nia Francini, realizar\u00e1 no plen\u00e1rio da c\u00e2mara municipal a audi\u00eancia p\u00fablica que discutir\u00e1 o Projeto de Lei n\u00ba 139\/2015. Executivo que institui o C\u00f3digo Municipal de Res\u00edduos e disciplina a limpeza urbana, bem como o manejo dos Res\u00edduos S\u00f3lidos no munic\u00edpio de Chapad\u00e3o do Sul.<\/p>\n<p>&nbsp;<\/p>\n<p>J\u00e1 na quinta feira (03) as 18h30m, a Comiss\u00e3o de Urbanismo e Infraestrutura, presidida pelo Vereador Abel Lemes, realizar\u00e1 a segunda audi\u00eancia p\u00fablica da semana, que ter\u00e1 como tema Projeto de Lei Complementar n\u00ba 021\/2015. Executivo que estabelece normas para o parcelamento do solo urbano no munic\u00edpio de Chapad\u00e3o do Sul.<\/p>\n<p>&nbsp;<\/p>\n<p>Toda a popula\u00e7\u00e3o est\u00e1 convidada a participar das audi\u00eancias.<\/p>\n<p>&nbsp;<\/p>\n<p>&nbsp;<\/p>\n<p>&nbsp;<\/p>\n<p>Assessoria C\u00e2mara<\/p>\n","protected":false},"excerpt":{"rendered":"<p>Nesta ter\u00e7a feira (01) as 18h30m a Comiss\u00e3o Especial presidida pela Vereadora T\u00e2nia Francini, realizar\u00e1 no plen\u00e1rio da c\u00e2mara municipal a audi\u00eancia p\u00fablica que discutir\u00e1 o Projeto de Lei n\u00ba 139\/2015. Executivo que institui o C\u00f3digo Municipal de Res\u00edduos e disciplina a limpeza urbana, bem como o manejo dos Res\u00edduos S\u00f3lidos no munic\u00edpio de Chapad\u00e3o [&hellip;]<\/p>\n","protected":false},"author":4,"featured_media":9086,"comment_status":"closed","ping_status":"closed","sticky":false,"template":"","format":"standard","meta":{"footnotes":""},"categories":[20,23],"tags":[],"class_list":["post-9085","post","type-post","status-publish","format-standard","has-post-thumbnail","hentry","category-camara-municipal","category-chapadao-do-sul"],"_links":{"self":[{"href":"https:\/\/www.ocorreionews.com.br\/acervo-correio\/index.php?rest_route=\/wp\/v2\/posts\/9085","targetHints":{"allow":["GET"]}}],"collection":[{"href":"https:\/\/www.ocorreionews.com.br\/acervo-correio\/index.php?rest_route=\/wp\/v2\/posts"}],"about":[{"href":"https:\/\/www.ocorreionews.com.br\/acervo-correio\/index.php?rest_route=\/wp\/v2\/types\/post"}],"author":[{"embeddable":true,"href":"https:\/\/www.ocorreionews.com.br\/acervo-correio\/index.php?rest_route=\/wp\/v2\/users\/4"}],"replies":[{"embeddable":true,"href":"https:\/\/www.ocorreionews.com.br\/acervo-correio\/index.php?rest_route=%2Fwp%2Fv2%2Fcomments&post=9085"}],"version-history":[{"count":0,"href":"https:\/\/www.ocorreionews.com.br\/acervo-correio\/index.php?rest_route=\/wp\/v2\/posts\/9085\/revisions"}],"wp:featuredmedia":[{"embeddable":true,"href":"https:\/\/www.ocorreionews.com.br\/acervo-correio\/index.php?rest_route=\/wp\/v2\/media\/9086"}],"wp:attachment":[{"href":"https:\/\/www.ocorreionews.com.br\/acervo-correio\/index.php?rest_route=%2Fwp%2Fv2%2Fmedia&parent=9085"}],"wp:term":[{"taxonomy":"category","embeddable":true,"href":"https:\/\/www.ocorreionews.com.br\/acervo-correio\/index.php?rest_route=%2Fwp%2Fv2%2Fcategories&post=9085"},{"taxonomy":"post_tag","embeddable":true,"href":"https:\/\/www.ocorreionews.com.br\/acervo-correio\/index.php?rest_route=%2Fwp%2Fv2%2Ftags&post=9085"}],"curies":[{"name":"wp","href":"https:\/\/api.w.org\/{rel}","templated":true}]}}