{"id":9088,"date":"2015-08-31T09:12:29","date_gmt":"2015-08-31T13:12:29","guid":{"rendered":"https:\/\/ocorreionews.com.br\/?p=9088"},"modified":"2015-08-31T09:12:29","modified_gmt":"2015-08-31T13:12:29","slug":"policia-civil-de-paraiso-das-aguas-recupera-objetos-furtados-e-prende-suspeito","status":"publish","type":"post","link":"https:\/\/www.ocorreionews.com.br\/acervo-correio\/?p=9088","title":{"rendered":"Pol\u00edcia Civil de Para\u00edso das \u00c1guas recupera objetos furtados e prende suspeito"},"content":{"rendered":"<p>Este \u00faltimo final de semana foi marcado por furtos em Para\u00edso das \u00c1guas, por\u00e9m a a\u00e7\u00e3o r\u00e1pida da Pol\u00edcia Civil resultou na recupera\u00e7\u00e3o de objetos furtados e com um suspeito preso.<\/p>\n<p>Informa\u00e7\u00f5es s\u00e3o de que na sexta-feira(28), uma m\u00e1quina fita serra foi furtada em uma propriedade rural no munic\u00edpio de Para\u00edso das \u00c1guas. Ap\u00f3s investiga\u00e7\u00f5es e em poucas horas depois, o produto de furto foi recuperado. Estava o objeto escondido em uma fazenda. Ao avistar a pol\u00edcia o suspeito empreendeu fuga. A motocicleta utilizada por ele no crime, foi apreendida.<\/p>\n<p>J\u00e1 na madrugada deste domingo (30), um rapaz foi preso em flagrante, apontado como principal suspeito de tentar furtar um ve\u00edculo Fiat Uno, na Rua Maria Luiza de Rezende. De acordo com a pol\u00edcia, o suspeito arrombou a porta do ve\u00edculo e furtou una carteira com dinheiro e outros objetos.<\/p>\n<p>O escriv\u00e3o Luciano estar\u00e1 no Jornal da FM Para\u00edso com informa\u00e7\u00f5es completa dos casos.<\/p>\n<p>&nbsp;<\/p>\n<p>&nbsp;<\/p>\n<p>Brito News<\/p>\n<p>&nbsp;<\/p>\n","protected":false},"excerpt":{"rendered":"<p>Este \u00faltimo final de semana foi marcado por furtos em Para\u00edso das \u00c1guas, por\u00e9m a a\u00e7\u00e3o r\u00e1pida da Pol\u00edcia Civil resultou na recupera\u00e7\u00e3o de objetos furtados e com um suspeito preso. Informa\u00e7\u00f5es s\u00e3o de que na sexta-feira(28), uma m\u00e1quina fita serra foi furtada em uma propriedade rural no munic\u00edpio de Para\u00edso das \u00c1guas. Ap\u00f3s investiga\u00e7\u00f5es [&hellip;]<\/p>\n","protected":false},"author":4,"featured_media":9089,"comment_status":"closed","ping_status":"closed","sticky":false,"template":"","format":"standard","meta":{"footnotes":""},"categories":[36,38],"tags":[],"class_list":["post-9088","post","type-post","status-publish","format-standard","has-post-thumbnail","hentry","category-paraiso-das-aguas","category-policia"],"_links":{"self":[{"href":"https:\/\/www.ocorreionews.com.br\/acervo-correio\/index.php?rest_route=\/wp\/v2\/posts\/9088","targetHints":{"allow":["GET"]}}],"collection":[{"href":"https:\/\/www.ocorreionews.com.br\/acervo-correio\/index.php?rest_route=\/wp\/v2\/posts"}],"about":[{"href":"https:\/\/www.ocorreionews.com.br\/acervo-correio\/index.php?rest_route=\/wp\/v2\/types\/post"}],"author":[{"embeddable":true,"href":"https:\/\/www.ocorreionews.com.br\/acervo-correio\/index.php?rest_route=\/wp\/v2\/users\/4"}],"replies":[{"embeddable":true,"href":"https:\/\/www.ocorreionews.com.br\/acervo-correio\/index.php?rest_route=%2Fwp%2Fv2%2Fcomments&post=9088"}],"version-history":[{"count":0,"href":"https:\/\/www.ocorreionews.com.br\/acervo-correio\/index.php?rest_route=\/wp\/v2\/posts\/9088\/revisions"}],"wp:featuredmedia":[{"embeddable":true,"href":"https:\/\/www.ocorreionews.com.br\/acervo-correio\/index.php?rest_route=\/wp\/v2\/media\/9089"}],"wp:attachment":[{"href":"https:\/\/www.ocorreionews.com.br\/acervo-correio\/index.php?rest_route=%2Fwp%2Fv2%2Fmedia&parent=9088"}],"wp:term":[{"taxonomy":"category","embeddable":true,"href":"https:\/\/www.ocorreionews.com.br\/acervo-correio\/index.php?rest_route=%2Fwp%2Fv2%2Fcategories&post=9088"},{"taxonomy":"post_tag","embeddable":true,"href":"https:\/\/www.ocorreionews.com.br\/acervo-correio\/index.php?rest_route=%2Fwp%2Fv2%2Ftags&post=9088"}],"curies":[{"name":"wp","href":"https:\/\/api.w.org\/{rel}","templated":true}]}}