{"id":9102,"date":"2015-08-31T09:08:32","date_gmt":"2015-08-31T13:08:32","guid":{"rendered":"https:\/\/ocorreionews.com.br\/?p=9102"},"modified":"2015-08-31T10:10:10","modified_gmt":"2015-08-31T14:10:10","slug":"confira-a-pauta-da-1074a-sessao-ordinaria-na-proxima-segunda-3108","status":"publish","type":"post","link":"https:\/\/www.ocorreionews.com.br\/acervo-correio\/?p=9102","title":{"rendered":"Confira a Pauta da 1074\u00aa Sess\u00e3o Ordin\u00e1ria na pr\u00f3xima segunda 31\/08"},"content":{"rendered":"<p align=\"center\"><strong>PAUTA PARA A 1074\u00aa SESS\u00c3O ORDIN\u00c1RIA,<\/strong><\/p>\n<p align=\"center\"><strong>DA 3\u00aa<\/strong><strong>\u00a0<\/strong><strong>SESS\u00c3O<\/strong><strong>\u00a0<\/strong><strong>LEGISLATIVA,<\/strong><\/p>\n<p align=\"center\"><strong>DA 7\u00aa LEGISLATURA, A REALIZAR-SE<\/strong><\/p>\n<p align=\"center\"><strong>NO DIA 31\/08\/2015 \u2013 SEGUNDA-FEIRA<\/strong><\/p>\n<p align=\"center\"><strong>\u00c0S 19h<\/strong><\/p>\n<p align=\"center\"><strong>\u00a0<\/strong><\/p>\n<p align=\"center\"><strong>EXPEDIENTE DE VEREADORES<\/strong><\/p>\n<p><strong>\u00a0<\/strong><\/p>\n<p><strong>\u00a0<\/strong><\/p>\n<p><strong>REQUERIMENTO N\u00ba 297\/2015 \u2013 VER. S\u00d4NIA MARAN<\/strong><\/p>\n<p><strong>REQUEIRO<\/strong> \u00e0 Mesa, na forma regimental e depois de ouvido o Douto Plen\u00e1rio de Delibera\u00e7\u00f5es, o envio de expediente ao Prefeito Municipal Luiz Felipe Barreto de Magalh\u00e3es, com c\u00f3pia a Secret\u00e1ria Municipal de Administra\u00e7\u00e3o Maril\u00e9ia Brizola da Rosa, solicitando que seja encaminhado a esta Casa de Leis uma lista com o nome dos servidores p\u00fablicos efetivos que perderam o benef\u00edcio da Fun\u00e7\u00e3o Gratificada \u2013 FG e dos servidores p\u00fablicos comissionados que perderam suas representa\u00e7\u00f5es sobre o cargo.<\/p>\n<p><strong>REQUERIMENTO N\u00ba 298\/2015 \u2013 VER. S\u00d4NIA MARAN<\/strong><\/p>\n<p><strong>REQUEIRO<\/strong> \u00e0 Mesa, na forma regimental e depois de ouvido o Douto Plen\u00e1rio de Delibera\u00e7\u00f5es, o envio de expediente ao Prefeito Municipal Luiz Felipe Barreto de Magalh\u00e3es, com c\u00f3pia a Secret\u00e1ria Municipal de Administra\u00e7\u00e3o Maril\u00e9ia Brizola da Rosa, solicitando que seja encaminhado a esta Casa de Leis os nomes dos funcion\u00e1rios lotados na fun\u00e7\u00e3o de agentes comunit\u00e1rios de sa\u00fade.<\/p>\n<p><strong>INDICA\u00c7\u00c3O N\u00ba 616\/2015 \u2013 VER. TEACHER WAGNER<\/strong><\/p>\n<p><strong>INDICO <\/strong>\u00e0 Mesa, na forma regimental, e depois de ouvido o Douto Plen\u00e1rio de Delibera\u00e7\u00f5es, o envio de expediente ao Prefeito Municipal Luiz Felipe Barreto de Magalh\u00e3es, com c\u00f3pia para Secret\u00e1ria Municipal de Educa\u00e7\u00e3o Sr. Vainer Estela Andr\u00e9, solicitando a implanta\u00e7\u00e3o de um parquinho infantil na Escola Municipal do Aroeira, refor\u00e7ando indica\u00e7\u00e3o anterior.<\/p>\n<p><strong>INDICA\u00c7\u00c3O N\u00ba 617\/2015 \u2013 <\/strong><strong>VEREADORA S\u00d4NIA MARAN<\/strong><\/p>\n<p><strong>INDICO <\/strong>\u00e0 Mesa, na forma regimental, e depois de ouvido o Douto Plen\u00e1rio de Delibera\u00e7\u00f5es, o envio de expediente ao Prefeito Municipal Luiz Felipe Barreto de Magalh\u00e3es, com c\u00f3pia para Secret\u00e1ria Municipal de Educa\u00e7\u00e3o Sr. Vainer Estela Andr\u00e9, solicitando a aquisi\u00e7\u00e3o de uma bomba d\u2019\u00e1gua reserva para a Escola Municipal do Aroeira.<\/p>\n<p><strong>\u00a0<\/strong><\/p>\n<p><strong>\u00a0<\/strong><\/p>\n<p><strong>\u00a0<\/strong><\/p>\n<p><strong>INDICA\u00c7\u00c3O N\u00ba 618\/2015 \u2013 <\/strong><strong>VEREADOR DR. QUARANTA<\/strong><\/p>\n<p><strong>INDICO<\/strong> \u00e0 Mesa, na forma regimental, e depois de ouvido o Douto Plen\u00e1rio de Delibera\u00e7\u00f5es, o envio de expediente ao Prefeito Municipal, Luiz Felipe Barreto de Magalh\u00e3es, com c\u00f3pia \u00e0 Secret\u00e1ria de Sa\u00fade, Rosimary Barros, solicitando para que seja feito estudo sobre a possibilidade de prestar atendimento ambulatorial e odontol\u00f3gico aos assentados do assentamento\u00a0aroeira.<\/p>\n<p>&nbsp;<\/p>\n<p><strong>MO\u00c7\u00c3O DE APLAUSO N\u00ba 108\/2015 \u2013 VER. ELTON SILVA<\/strong><\/p>\n<p>O Vereador Elton Silva, da C\u00e2mara Municipal de Chapad\u00e3o do Sul, que esta subscreve, dispensadas as formalidades regimentais, encaminha MO\u00c7\u00c3O DE APLAUSO ao Soldado Militar lotado em Chapad\u00e3o do Sul, Wesley Anderson de Moraes, por sua brilhante atua\u00e7\u00e3o, onde de folga em Campo Grande, o soldado transformou-se no \u201canjo da guarda\u201d de uma v\u00edtima de assalto, que estava acontecendo na Rua 26 de Agosto, em frente ao Horto Florestal.<\/p>\n<p><strong>\u00a0<\/strong><\/p>\n<p><strong>\u00a0<\/strong><\/p>\n<p><strong>\u00a0<\/strong><\/p>\n<p align=\"center\">SECRETARIA DAS SESS\u00d5ES, 28 DE AGOSTO DE 2015.<\/p>\n<p align=\"center\">Nat\u00e1lia da Silva Leal Scheer,<\/p>\n<p align=\"center\">Diretora de Atividade Parlamentar.<\/p>\n<p>&nbsp;<\/p>\n","protected":false},"excerpt":{"rendered":"<p>PAUTA PARA A 1074\u00aa SESS\u00c3O ORDIN\u00c1RIA, DA 3\u00aa\u00a0SESS\u00c3O\u00a0LEGISLATIVA, DA 7\u00aa LEGISLATURA, A REALIZAR-SE NO DIA 31\/08\/2015 \u2013 SEGUNDA-FEIRA \u00c0S 19h \u00a0 EXPEDIENTE DE VEREADORES \u00a0 \u00a0 REQUERIMENTO N\u00ba 297\/2015 \u2013 VER. S\u00d4NIA MARAN REQUEIRO \u00e0 Mesa, na forma regimental e depois de ouvido o Douto Plen\u00e1rio de Delibera\u00e7\u00f5es, o envio de expediente ao Prefeito Municipal [&hellip;]<\/p>\n","protected":false},"author":4,"featured_media":5993,"comment_status":"closed","ping_status":"closed","sticky":false,"template":"","format":"standard","meta":{"footnotes":""},"categories":[20],"tags":[],"class_list":["post-9102","post","type-post","status-publish","format-standard","has-post-thumbnail","hentry","category-camara-municipal"],"_links":{"self":[{"href":"https:\/\/www.ocorreionews.com.br\/acervo-correio\/index.php?rest_route=\/wp\/v2\/posts\/9102","targetHints":{"allow":["GET"]}}],"collection":[{"href":"https:\/\/www.ocorreionews.com.br\/acervo-correio\/index.php?rest_route=\/wp\/v2\/posts"}],"about":[{"href":"https:\/\/www.ocorreionews.com.br\/acervo-correio\/index.php?rest_route=\/wp\/v2\/types\/post"}],"author":[{"embeddable":true,"href":"https:\/\/www.ocorreionews.com.br\/acervo-correio\/index.php?rest_route=\/wp\/v2\/users\/4"}],"replies":[{"embeddable":true,"href":"https:\/\/www.ocorreionews.com.br\/acervo-correio\/index.php?rest_route=%2Fwp%2Fv2%2Fcomments&post=9102"}],"version-history":[{"count":0,"href":"https:\/\/www.ocorreionews.com.br\/acervo-correio\/index.php?rest_route=\/wp\/v2\/posts\/9102\/revisions"}],"wp:featuredmedia":[{"embeddable":true,"href":"https:\/\/www.ocorreionews.com.br\/acervo-correio\/index.php?rest_route=\/wp\/v2\/media\/5993"}],"wp:attachment":[{"href":"https:\/\/www.ocorreionews.com.br\/acervo-correio\/index.php?rest_route=%2Fwp%2Fv2%2Fmedia&parent=9102"}],"wp:term":[{"taxonomy":"category","embeddable":true,"href":"https:\/\/www.ocorreionews.com.br\/acervo-correio\/index.php?rest_route=%2Fwp%2Fv2%2Fcategories&post=9102"},{"taxonomy":"post_tag","embeddable":true,"href":"https:\/\/www.ocorreionews.com.br\/acervo-correio\/index.php?rest_route=%2Fwp%2Fv2%2Ftags&post=9102"}],"curies":[{"name":"wp","href":"https:\/\/api.w.org\/{rel}","templated":true}]}}