{"id":91206,"date":"2018-07-31T08:37:29","date_gmt":"2018-07-31T12:37:29","guid":{"rendered":"http:\/\/www.ocorreionews.com.br\/?p=91206"},"modified":"2018-07-31T08:37:29","modified_gmt":"2018-07-31T12:37:29","slug":"pavimentacao-asfaltica-e-obras-de-infraestrutura-melhoram-qualidade-de-vida-da-populacao-aponta-secretaria-de-saude","status":"publish","type":"post","link":"https:\/\/www.ocorreionews.com.br\/acervo-correio\/?p=91206","title":{"rendered":"Pavimenta\u00e7\u00e3o asf\u00e1ltica e obras de infraestrutura melhoram qualidade de vida da popula\u00e7\u00e3o, aponta secret\u00e1ria de Sa\u00fade"},"content":{"rendered":"<p>Na tarde da \u00faltima quinta-feira, 26, o prefeito de Chapad\u00e3o do Sul, Jo\u00e3o Carlos Krug, acompanhou o andamento de diversas obras de infraestrutura que est\u00e3o sendo realizadas no munic\u00edpio. Desta vez, ele estava ao lado da secret\u00e1ria de Sa\u00fade, Mara N\u00fabia, que aproveitou a oportunidade para parabenizar o gestor municipal, a secretaria de Obras e SEINFRA pelo trabalho que est\u00e1 sendo realizado no munic\u00edpio.<\/p>\n<p>Em sua fala, a secret\u00e1ria destacou a import\u00e2ncia da pavimenta\u00e7\u00e3o e das demais melhorias na sa\u00fade p\u00fablica municipal, colocando fim ao conv\u00edvio di\u00e1rio com a lama e a poeira na frente de casa. \u201cEm geral, o sentimento de al\u00edvio \u00e9 compartilhado por quem, durante anos, sentiu na pele a dificuldade de morar numa rua de terra. Em Chapad\u00e3o do Sul, a Prefeitura tem investido para garantir a chegada do asfalto em vias que n\u00e3o contavam com esse benef\u00edcio, o que traz mais do que um novo visual, apresenta tamb\u00e9m mais qualidade de vida aos cidad\u00e3os\u201d, relata a secret\u00e1ria.<\/p>\n<p>Em conversa com o prefeito, ela ressaltou que a exposi\u00e7\u00e3o \u00e0 poeira diariamente em frente as suas casas pelos cidad\u00e3os sul-chapadenses provocavam, em especial nas crian\u00e7as, problemas respirat\u00f3rios com interna\u00e7\u00f5es recorrentes e muitos dias em inala\u00e7\u00f5es; que com a chegada do asfalto, estes problemas tendem a diminuir. \u201cOs principais problemas respirat\u00f3rios que possuem como um dos fatores desencadeantes a exposi\u00e7\u00e3o \u00e0 poeira s\u00e3o: asma, bronquite e rinite al\u00e9rgica\u201d, conclui.<\/p>\n<p><img decoding=\"async\" src=\"http:\/\/www.chapadaodosul.ms.gov.br\/admin\/arquivos\/images\/30.04%282%29.jpg\" alt=\"\" \/>\u00a0<img decoding=\"async\" src=\"http:\/\/www.chapadaodosul.ms.gov.br\/admin\/arquivos\/images\/30.05%282%29.jpg\" alt=\"\" \/><\/p>\n<p>O prefeito Jo\u00e3o Carlos Krug ressaltou o compromisso com a popula\u00e7\u00e3o, reafirmando que as obras p\u00fablicas de infraestrutura, al\u00e9m de trazer melhorias significativas para o progresso e desenvolvimento do munic\u00edpio, tamb\u00e9m melhoram efetivamente a qualidade de vida da nossa popula\u00e7\u00e3o. Al\u00e9m disso, o prefeito parabenizou os secret\u00e1rios municipais, que est\u00e3o sempre alinhados em prol do munic\u00edpio.<\/p>\n","protected":false},"excerpt":{"rendered":"<p>Na tarde da \u00faltima quinta-feira, 26, o prefeito de Chapad\u00e3o do Sul, Jo\u00e3o Carlos Krug, acompanhou o andamento de diversas obras de infraestrutura que est\u00e3o sendo realizadas no munic\u00edpio. Desta vez, ele estava ao lado da secret\u00e1ria de Sa\u00fade, Mara N\u00fabia, que aproveitou a oportunidade para parabenizar o gestor municipal, a secretaria de Obras e [&hellip;]<\/p>\n","protected":false},"author":4,"featured_media":91212,"comment_status":"closed","ping_status":"closed","sticky":false,"template":"","format":"standard","meta":{"footnotes":""},"categories":[23],"tags":[],"class_list":["post-91206","post","type-post","status-publish","format-standard","has-post-thumbnail","hentry","category-chapadao-do-sul"],"_links":{"self":[{"href":"https:\/\/www.ocorreionews.com.br\/acervo-correio\/index.php?rest_route=\/wp\/v2\/posts\/91206","targetHints":{"allow":["GET"]}}],"collection":[{"href":"https:\/\/www.ocorreionews.com.br\/acervo-correio\/index.php?rest_route=\/wp\/v2\/posts"}],"about":[{"href":"https:\/\/www.ocorreionews.com.br\/acervo-correio\/index.php?rest_route=\/wp\/v2\/types\/post"}],"author":[{"embeddable":true,"href":"https:\/\/www.ocorreionews.com.br\/acervo-correio\/index.php?rest_route=\/wp\/v2\/users\/4"}],"replies":[{"embeddable":true,"href":"https:\/\/www.ocorreionews.com.br\/acervo-correio\/index.php?rest_route=%2Fwp%2Fv2%2Fcomments&post=91206"}],"version-history":[{"count":0,"href":"https:\/\/www.ocorreionews.com.br\/acervo-correio\/index.php?rest_route=\/wp\/v2\/posts\/91206\/revisions"}],"wp:featuredmedia":[{"embeddable":true,"href":"https:\/\/www.ocorreionews.com.br\/acervo-correio\/index.php?rest_route=\/wp\/v2\/media\/91212"}],"wp:attachment":[{"href":"https:\/\/www.ocorreionews.com.br\/acervo-correio\/index.php?rest_route=%2Fwp%2Fv2%2Fmedia&parent=91206"}],"wp:term":[{"taxonomy":"category","embeddable":true,"href":"https:\/\/www.ocorreionews.com.br\/acervo-correio\/index.php?rest_route=%2Fwp%2Fv2%2Fcategories&post=91206"},{"taxonomy":"post_tag","embeddable":true,"href":"https:\/\/www.ocorreionews.com.br\/acervo-correio\/index.php?rest_route=%2Fwp%2Fv2%2Ftags&post=91206"}],"curies":[{"name":"wp","href":"https:\/\/api.w.org\/{rel}","templated":true}]}}