{"id":9304,"date":"2015-09-03T06:15:13","date_gmt":"2015-09-03T10:15:13","guid":{"rendered":"https:\/\/ocorreionews.com.br\/?p=9304"},"modified":"2015-09-03T07:30:11","modified_gmt":"2015-09-03T11:30:11","slug":"oito-morrem-em-colisao-frontal-entre-van-e-carreta-com-veneno-na-br-267","status":"publish","type":"post","link":"https:\/\/www.ocorreionews.com.br\/acervo-correio\/?p=9304","title":{"rendered":"Oito morrem em colis\u00e3o frontal entre van e carreta com veneno na BR-267"},"content":{"rendered":"<p>Um acidente envolvendo uma Van com passageiros e um caminh\u00e3o carregado com produtos qu\u00edmicos, colidiram na noite desta quarta-feira (2). O acidente foi pr\u00f3ximo a Vila Zuzu em Nova Alvorada do Sul, na BR- 267 na altura do km 220.<\/p>\n<p>Segundo as primeiras informa\u00e7\u00f5es da PRF (Pol\u00edcia Rodovi\u00e1ria Federal), um animal silvestre (anta) teria cruzado a pista e o motorista da Van (Expresso Nova Andradina), ao desviar, perdeu o controle direcional e acabou colidindo de frente com uma carreta com placas de Limeira (SP), carregada com produtos qu\u00edmicos.<\/p>\n<p>&nbsp;<\/p>\n<p><img loading=\"lazy\" decoding=\"async\" class=\"r20\" src=\"http:\/\/jornaldanova.com.br\/userfiles\/\/DSC_1147%20%28Copy%29.JPG\" alt=\"\" width=\"300\" height=\"200\" align=\"left\" \/>Com a violenta batida, ambos os ve\u00edculos pegaram fogo e alguns passageiros da Van foram arremessados para fora e outros morreram carbonizados nos destro\u00e7os dos ve\u00edculos.<\/p>\n<p>&nbsp;<\/p>\n<p>Conforme a PRF, seis morreram no local, entre eles, o motorista da Van, identificado como Evandro, conhecido como \u201cGrilo\u201d. Quatro pessoas foram levadas ao Hospital Regional de Nova Alvorada do Sul, com ferimentos graves e queimaduras, por\u00e9m, duas morreram no trajeto e ao dar entrada no hospital. Uma pessoa segue internada em Nova Alvorada e o motorista do caminh\u00e3o foi encaminhado para uma unidade hospitalar em Campo Grande.<\/p>\n<p>&nbsp;<\/p>\n<p>Equipes do Corpo de Bombeiros, PRF, Pol\u00edcia Civil de Nova Alvorada do Sul, Per\u00edcia T\u00e9cnica, brigadas de inc\u00eandio da Usina Santa Luzia estiveram no local, sendo que a usina disponibilizou maquin\u00e1rios para realizarem a limpeza da pista.<\/p>\n<p>Os passageiros s\u00e3o moradores de Nova Andradina e Bataypor\u00e3, que viajavam de Campo Grande com destino \u00e0s suas cidades de origem.<\/p>\n<p>O tr\u00e2nsito ficou interditado nos dois lados da pista, uma passagem pela margem da via foi improvisada para a passagem de ve\u00edculos de socorro e que estavam na via e foi sendo liberada \u00e0 partir da meia noite.<\/p>\n<p><img loading=\"lazy\" decoding=\"async\" src=\"http:\/\/jornaldanova.com.br\/userfiles\/\/DSC_1154%20%28Copy%29.JPG\" alt=\"\" width=\"690\" height=\"460\" \/><\/p>\n<p>De acordo com uma lista fornecida pela pol\u00edcia que trabalharam na ocorr\u00eancia, al\u00e9m de Evandro, as v\u00edtimas em \u00f3bitos seriam Rose, Luiza, Lois Lany, La\u00eds, Izilda, Eliane e Ricardo. As confirma\u00e7\u00f5es oficiais ser\u00e3o confirmadas ap\u00f3s exames de necropsia e trabalho de identifica\u00e7\u00e3o pela equipe do N\u00facleo de Per\u00edcias da Pol\u00edcia Civil de Dourados com a Pol\u00edcia Civil de Nova Alvorada do Sul, onde o acidente foi registrado e ser\u00e1 investigado.<\/p>\n<p>Jornal da Nova<\/p>\n<p>&nbsp;<\/p>\n<p>&nbsp;<\/p>\n","protected":false},"excerpt":{"rendered":"<p>Um acidente envolvendo uma Van com passageiros e um caminh\u00e3o carregado com produtos qu\u00edmicos, colidiram na noite desta quarta-feira (2). O acidente foi pr\u00f3ximo a Vila Zuzu em Nova Alvorada do Sul, na BR- 267 na altura do km 220. Segundo as primeiras informa\u00e7\u00f5es da PRF (Pol\u00edcia Rodovi\u00e1ria Federal), um animal silvestre (anta) teria cruzado [&hellip;]<\/p>\n","protected":false},"author":4,"featured_media":9315,"comment_status":"closed","ping_status":"closed","sticky":false,"template":"","format":"standard","meta":{"footnotes":""},"categories":[38],"tags":[],"class_list":["post-9304","post","type-post","status-publish","format-standard","has-post-thumbnail","hentry","category-policia"],"_links":{"self":[{"href":"https:\/\/www.ocorreionews.com.br\/acervo-correio\/index.php?rest_route=\/wp\/v2\/posts\/9304","targetHints":{"allow":["GET"]}}],"collection":[{"href":"https:\/\/www.ocorreionews.com.br\/acervo-correio\/index.php?rest_route=\/wp\/v2\/posts"}],"about":[{"href":"https:\/\/www.ocorreionews.com.br\/acervo-correio\/index.php?rest_route=\/wp\/v2\/types\/post"}],"author":[{"embeddable":true,"href":"https:\/\/www.ocorreionews.com.br\/acervo-correio\/index.php?rest_route=\/wp\/v2\/users\/4"}],"replies":[{"embeddable":true,"href":"https:\/\/www.ocorreionews.com.br\/acervo-correio\/index.php?rest_route=%2Fwp%2Fv2%2Fcomments&post=9304"}],"version-history":[{"count":0,"href":"https:\/\/www.ocorreionews.com.br\/acervo-correio\/index.php?rest_route=\/wp\/v2\/posts\/9304\/revisions"}],"wp:featuredmedia":[{"embeddable":true,"href":"https:\/\/www.ocorreionews.com.br\/acervo-correio\/index.php?rest_route=\/wp\/v2\/media\/9315"}],"wp:attachment":[{"href":"https:\/\/www.ocorreionews.com.br\/acervo-correio\/index.php?rest_route=%2Fwp%2Fv2%2Fmedia&parent=9304"}],"wp:term":[{"taxonomy":"category","embeddable":true,"href":"https:\/\/www.ocorreionews.com.br\/acervo-correio\/index.php?rest_route=%2Fwp%2Fv2%2Fcategories&post=9304"},{"taxonomy":"post_tag","embeddable":true,"href":"https:\/\/www.ocorreionews.com.br\/acervo-correio\/index.php?rest_route=%2Fwp%2Fv2%2Ftags&post=9304"}],"curies":[{"name":"wp","href":"https:\/\/api.w.org\/{rel}","templated":true}]}}