{"id":932,"date":"2015-05-07T08:44:20","date_gmt":"2015-05-07T12:44:20","guid":{"rendered":"https:\/\/ocorreionews.com.br\/?p=932"},"modified":"2018-08-20T22:34:10","modified_gmt":"2018-08-21T02:34:10","slug":"ranger-do-filho-do-prefeito-chapadao-do-sul-capota-na-ms-229","status":"publish","type":"post","link":"https:\/\/www.ocorreionews.com.br\/acervo-correio\/?p=932","title":{"rendered":"Ranger do filho do prefeito Chapad\u00e3o do Sul capota na MS 229"},"content":{"rendered":"<p style=\"text-align: justify;\">Na noite desta quarta-feira, Caio Camargo de Magalh\u00e3es, filho do prefeito de Chapad\u00e3o do Sul, sofreu um grave acidente na Rodovia MS 229, ao capotar sua caminhoneta Ford\u00a0Ranger. Segundo as informa\u00e7\u00f5es, ele retornava para \u00a0a propriedade rural da fam\u00edlia, ap\u00f3s ter ido at\u00e9 o povoado da Vaca Parida. O acidente foi registrado por volta das 03hs00 e ainda n\u00e3o se sabe causas do acidente.<\/p>\n<p style=\"text-align: justify;\">O Corpo de Bombeiros de Chapad\u00e3o do Sul, realizou o atendimento a v\u00edtima, conduzindo ao Hospital Municipal de Chapad\u00e3o do Sul, consciente e reclamando de dores na regi\u00e3o lombar.<\/p>\n<p style=\"text-align: justify;\">Foto Enviada atrav\u00e9s do WhatsApp 8419.7285<\/p>\n","protected":false},"excerpt":{"rendered":"<p>Na noite desta quarta-feira, Caio Camargo de Magalh\u00e3es, filho do prefeito de Chapad\u00e3o do Sul, sofreu um grave acidente na Rodovia MS 229, ao capotar sua caminhoneta Ford\u00a0Ranger. Segundo as informa\u00e7\u00f5es, ele retornava para \u00a0a propriedade rural da fam\u00edlia, ap\u00f3s ter ido at\u00e9 o povoado da Vaca Parida. O acidente foi registrado por volta das [&hellip;]<\/p>\n","protected":false},"author":4,"featured_media":933,"comment_status":"closed","ping_status":"closed","sticky":false,"template":"","format":"standard","meta":{"footnotes":""},"categories":[38],"tags":[],"class_list":["post-932","post","type-post","status-publish","format-standard","has-post-thumbnail","hentry","category-policia"],"_links":{"self":[{"href":"https:\/\/www.ocorreionews.com.br\/acervo-correio\/index.php?rest_route=\/wp\/v2\/posts\/932","targetHints":{"allow":["GET"]}}],"collection":[{"href":"https:\/\/www.ocorreionews.com.br\/acervo-correio\/index.php?rest_route=\/wp\/v2\/posts"}],"about":[{"href":"https:\/\/www.ocorreionews.com.br\/acervo-correio\/index.php?rest_route=\/wp\/v2\/types\/post"}],"author":[{"embeddable":true,"href":"https:\/\/www.ocorreionews.com.br\/acervo-correio\/index.php?rest_route=\/wp\/v2\/users\/4"}],"replies":[{"embeddable":true,"href":"https:\/\/www.ocorreionews.com.br\/acervo-correio\/index.php?rest_route=%2Fwp%2Fv2%2Fcomments&post=932"}],"version-history":[{"count":0,"href":"https:\/\/www.ocorreionews.com.br\/acervo-correio\/index.php?rest_route=\/wp\/v2\/posts\/932\/revisions"}],"wp:featuredmedia":[{"embeddable":true,"href":"https:\/\/www.ocorreionews.com.br\/acervo-correio\/index.php?rest_route=\/wp\/v2\/media\/933"}],"wp:attachment":[{"href":"https:\/\/www.ocorreionews.com.br\/acervo-correio\/index.php?rest_route=%2Fwp%2Fv2%2Fmedia&parent=932"}],"wp:term":[{"taxonomy":"category","embeddable":true,"href":"https:\/\/www.ocorreionews.com.br\/acervo-correio\/index.php?rest_route=%2Fwp%2Fv2%2Fcategories&post=932"},{"taxonomy":"post_tag","embeddable":true,"href":"https:\/\/www.ocorreionews.com.br\/acervo-correio\/index.php?rest_route=%2Fwp%2Fv2%2Ftags&post=932"}],"curies":[{"name":"wp","href":"https:\/\/api.w.org\/{rel}","templated":true}]}}