{"id":9338,"date":"2015-09-03T08:35:35","date_gmt":"2015-09-03T12:35:35","guid":{"rendered":"https:\/\/ocorreionews.com.br\/?p=9338"},"modified":"2015-09-03T10:45:51","modified_gmt":"2015-09-03T14:45:51","slug":"plano-diretor-e-entregue-ao-gestor-de-paraiso-das-aguas-em-solenidade-na-governadoria","status":"publish","type":"post","link":"https:\/\/www.ocorreionews.com.br\/acervo-correio\/?p=9338","title":{"rendered":"Plano Diretor \u00e9 entregue ao gestor de Para\u00edso das \u00c1guas em solenidade na governadoria"},"content":{"rendered":"<div class=\"div-texto\">\n<p>O Prefeito Municipal de Para\u00edso das \u00c1guas, Ivan da Cruz Pereira(PMDB) esteve reunido com o Governador de Mato Grosso do Sul, Reinaldo Azambuja no Lan\u00e7amento do Programa Habitacional Financiado e Subsidiado voltado para atender as \u00a0fam\u00edlias que recebem uma renda que varia entre R$ 1,3 mil a R$ 2,4 mil.<\/p>\n<p>O objetivo do programa \u00e9 a constru\u00e7\u00e3o de tr\u00eas mil unidades habitacionais, divididas entre os 44 munic\u00edpios de Mato Grosso do Sul, a previs\u00e3o total de custos \u00e9 de R$210 milh\u00f5es, dos quais R$190 milh\u00f5es do Governo Federal, R$18 milh\u00f5es do Governo Estadual e o restante dos munic\u00edpios beneficiados.<\/p>\n<p>Na ocasi\u00e3o, o Prefeito de Para\u00edso das \u00c1guas recebeu das m\u00e3os do governador o Plano Diretor Participativo, que tem como objetivo \u00a0a elabora\u00e7\u00e3o das diretrizes de ordenamento do territ\u00f3rio municipal, a gest\u00e3o e tamb\u00e9m o\u00a0 controle da pol\u00edtica urbana. Com o plano diretor, a sociedade tamb\u00e9m exp\u00f5e suas necessidades, ou seja, o plano tamb\u00e9m possui um car\u00e1ter social.<\/p>\n<p>Al\u00e9m de Para\u00edso das \u00c1guas, 27 outros munic\u00edpios tamb\u00e9m receberam o Plano Diretor Participativo.<\/p>\n<p>&nbsp;<\/p>\n<p>ASSECOM-PMPA &#8211; Foto Max Arantes<\/p>\n<\/div>\n","protected":false},"excerpt":{"rendered":"<p>O Prefeito Municipal de Para\u00edso das \u00c1guas, Ivan da Cruz Pereira(PMDB) esteve reunido com o Governador de Mato Grosso do Sul, Reinaldo Azambuja no Lan\u00e7amento do Programa Habitacional Financiado e Subsidiado voltado para atender as \u00a0fam\u00edlias que recebem uma renda que varia entre R$ 1,3 mil a R$ 2,4 mil. O objetivo do programa \u00e9 [&hellip;]<\/p>\n","protected":false},"author":4,"featured_media":9376,"comment_status":"closed","ping_status":"closed","sticky":false,"template":"","format":"standard","meta":{"footnotes":""},"categories":[36],"tags":[],"class_list":["post-9338","post","type-post","status-publish","format-standard","has-post-thumbnail","hentry","category-paraiso-das-aguas"],"_links":{"self":[{"href":"https:\/\/www.ocorreionews.com.br\/acervo-correio\/index.php?rest_route=\/wp\/v2\/posts\/9338","targetHints":{"allow":["GET"]}}],"collection":[{"href":"https:\/\/www.ocorreionews.com.br\/acervo-correio\/index.php?rest_route=\/wp\/v2\/posts"}],"about":[{"href":"https:\/\/www.ocorreionews.com.br\/acervo-correio\/index.php?rest_route=\/wp\/v2\/types\/post"}],"author":[{"embeddable":true,"href":"https:\/\/www.ocorreionews.com.br\/acervo-correio\/index.php?rest_route=\/wp\/v2\/users\/4"}],"replies":[{"embeddable":true,"href":"https:\/\/www.ocorreionews.com.br\/acervo-correio\/index.php?rest_route=%2Fwp%2Fv2%2Fcomments&post=9338"}],"version-history":[{"count":0,"href":"https:\/\/www.ocorreionews.com.br\/acervo-correio\/index.php?rest_route=\/wp\/v2\/posts\/9338\/revisions"}],"wp:featuredmedia":[{"embeddable":true,"href":"https:\/\/www.ocorreionews.com.br\/acervo-correio\/index.php?rest_route=\/wp\/v2\/media\/9376"}],"wp:attachment":[{"href":"https:\/\/www.ocorreionews.com.br\/acervo-correio\/index.php?rest_route=%2Fwp%2Fv2%2Fmedia&parent=9338"}],"wp:term":[{"taxonomy":"category","embeddable":true,"href":"https:\/\/www.ocorreionews.com.br\/acervo-correio\/index.php?rest_route=%2Fwp%2Fv2%2Fcategories&post=9338"},{"taxonomy":"post_tag","embeddable":true,"href":"https:\/\/www.ocorreionews.com.br\/acervo-correio\/index.php?rest_route=%2Fwp%2Fv2%2Ftags&post=9338"}],"curies":[{"name":"wp","href":"https:\/\/api.w.org\/{rel}","templated":true}]}}