{"id":9341,"date":"2015-09-03T08:41:49","date_gmt":"2015-09-03T12:41:49","guid":{"rendered":"https:\/\/ocorreionews.com.br\/?p=9341"},"modified":"2015-09-03T08:41:49","modified_gmt":"2015-09-03T12:41:49","slug":"saude-confirma-12a-morte-por-dengue-no-ano-de-2015-em-ms","status":"publish","type":"post","link":"https:\/\/www.ocorreionews.com.br\/acervo-correio\/?p=9341","title":{"rendered":"Sa\u00fade confirma 12\u00aa morte por dengue no ano de 2015 em MS"},"content":{"rendered":"<p>A Secretaria de Estado de Sa\u00fade (SES) de Mato Grosso do Sul confirmou a 12\u00aa morte por dengue no estado. Conforme boletim epidemiol\u00f3gico da doen\u00e7a divulgado nesta quarta-feira (2), a v\u00edtima \u00e9 de Dourados, cidade distante 214 quil\u00f4metros de Campo Grande<\/p>\n<p>Ao <strong>G1<\/strong>, a SES informou, por meio da assessoria de imprensa, que o \u00f3bito j\u00e1 havia sido descartado, mas novos exames confirmaram a causa da morte por dengue. Outra morte em investiga\u00e7\u00e3o, na cidade de Alcin\u00f3polis, foi descartada.<\/p>\n<p>Em 2015, outros 11 \u00f3bitos j\u00e1 tinham sido confirmados. Na \u00faltima semana, 59 casos da doen\u00e7a foram notificados. Ao todo, j\u00e1 foram registradas 29.638 notifica\u00e7\u00f5es.<\/p>\n<p>Dos 79 munic\u00edpios, 64 tem alta incid\u00eancia. Iguatemi \u00e9 a cidade com maior \u00edndice, com 1.280 casos notificados e incid\u00eancia de 8296,1 para 100 mil habitantes. Selv\u00edria tem a segunda mais alta incid\u00eancia, com \u00edndice de 5850,3 e 376 registros. J\u00e1 em Sonora, tem o terceiro maior \u00edndice, com 5766,8 casos para 100 mil habitantes e 954 casos notificados.<\/p>\n<p>Com uma incid\u00eancia de 1145,5 casos para 100 mil habitantes, o estado enfrenta uma epidemia da doen\u00e7a. A Organiza\u00e7\u00e3o Mundial da Sa\u00fade (OMS) considera epidemia quando um local tem incid\u00eancia de 300 casos para 100 mil pessoas.<\/p>\n<p><strong>Mortes<\/strong><br \/>\nCom a confirma\u00e7\u00e3o dessa morte, sobe para 12 o n\u00famero de \u00f3bitos por dengue. Conforme o levantamento, j\u00e1 s\u00e3o tr\u00eas mortes em Dourados, outras duas mortes em Campo Grande e em Sonora. Corumb\u00e1, Juti, Maracaju, Paranhos e Tr\u00eas Lagoas confirmaram uma morte em cada munic\u00edpio.<\/p>\n<p>&nbsp;<\/p>\n<p>G1 MS<\/p>\n","protected":false},"excerpt":{"rendered":"<p>A Secretaria de Estado de Sa\u00fade (SES) de Mato Grosso do Sul confirmou a 12\u00aa morte por dengue no estado. Conforme boletim epidemiol\u00f3gico da doen\u00e7a divulgado nesta quarta-feira (2), a v\u00edtima \u00e9 de Dourados, cidade distante 214 quil\u00f4metros de Campo Grande Ao G1, a SES informou, por meio da assessoria de imprensa, que o \u00f3bito [&hellip;]<\/p>\n","protected":false},"author":4,"featured_media":1703,"comment_status":"closed","ping_status":"closed","sticky":false,"template":"","format":"standard","meta":{"footnotes":""},"categories":[39],"tags":[],"class_list":["post-9341","post","type-post","status-publish","format-standard","has-post-thumbnail","hentry","category-saude"],"_links":{"self":[{"href":"https:\/\/www.ocorreionews.com.br\/acervo-correio\/index.php?rest_route=\/wp\/v2\/posts\/9341","targetHints":{"allow":["GET"]}}],"collection":[{"href":"https:\/\/www.ocorreionews.com.br\/acervo-correio\/index.php?rest_route=\/wp\/v2\/posts"}],"about":[{"href":"https:\/\/www.ocorreionews.com.br\/acervo-correio\/index.php?rest_route=\/wp\/v2\/types\/post"}],"author":[{"embeddable":true,"href":"https:\/\/www.ocorreionews.com.br\/acervo-correio\/index.php?rest_route=\/wp\/v2\/users\/4"}],"replies":[{"embeddable":true,"href":"https:\/\/www.ocorreionews.com.br\/acervo-correio\/index.php?rest_route=%2Fwp%2Fv2%2Fcomments&post=9341"}],"version-history":[{"count":0,"href":"https:\/\/www.ocorreionews.com.br\/acervo-correio\/index.php?rest_route=\/wp\/v2\/posts\/9341\/revisions"}],"wp:featuredmedia":[{"embeddable":true,"href":"https:\/\/www.ocorreionews.com.br\/acervo-correio\/index.php?rest_route=\/wp\/v2\/media\/1703"}],"wp:attachment":[{"href":"https:\/\/www.ocorreionews.com.br\/acervo-correio\/index.php?rest_route=%2Fwp%2Fv2%2Fmedia&parent=9341"}],"wp:term":[{"taxonomy":"category","embeddable":true,"href":"https:\/\/www.ocorreionews.com.br\/acervo-correio\/index.php?rest_route=%2Fwp%2Fv2%2Fcategories&post=9341"},{"taxonomy":"post_tag","embeddable":true,"href":"https:\/\/www.ocorreionews.com.br\/acervo-correio\/index.php?rest_route=%2Fwp%2Fv2%2Ftags&post=9341"}],"curies":[{"name":"wp","href":"https:\/\/api.w.org\/{rel}","templated":true}]}}