{"id":9357,"date":"2015-09-03T10:10:12","date_gmt":"2015-09-03T14:10:12","guid":{"rendered":"https:\/\/ocorreionews.com.br\/?p=9357"},"modified":"2015-09-03T10:10:12","modified_gmt":"2015-09-03T14:10:12","slug":"nota-de-esclarecimento-publico","status":"publish","type":"post","link":"https:\/\/www.ocorreionews.com.br\/acervo-correio\/?p=9357","title":{"rendered":"NOTA DE ESCLARECIMENTO P\u00daBLICO"},"content":{"rendered":"<p align=\"center\">NOTA DE ESCLARECIMENTO P\u00daBLICO<\/p>\n<p align=\"center\">\n<p align=\"center\">\n<p align=\"center\">\n<p>A C\u00c2MARA MUNICIPAL DE CHAPAD\u00c3O DO SUL, um dos Poderes da Republica Democr\u00e1tica do Brasil e do Munic\u00edpio, atrav\u00e9s de sua Presidente, Vereadora Sra. S\u00f4nia Maran, vem a publico externar seu repudio ao ato da Secretaria de Sa\u00fade do Munic\u00edpio de Chapad\u00e3o do Sul, que por meio de uma denuncia caluniosa na delegacia de pol\u00edcia, tentou criar obst\u00e1culos a legitima fun\u00e7\u00e3o institucional e fiscalizadora dos vereadores que estiveram visitando o hospital municipal no dia 02 de setembro de 2015.<\/p>\n<p>&nbsp;<\/p>\n<p>Chapad\u00e3o do Sul, 03 de setembro de 2015.<\/p>\n<p>&nbsp;<\/p>\n<p>&nbsp;<\/p>\n<p style=\"text-align: center;\">SONIA MARAN<\/p>\n<p style=\"text-align: center;\">PRESIDENTE DA C\u00c2MARA DE VEREADORES<\/p>\n<p>&nbsp;<\/p>\n","protected":false},"excerpt":{"rendered":"<p>NOTA DE ESCLARECIMENTO P\u00daBLICO A C\u00c2MARA MUNICIPAL DE CHAPAD\u00c3O DO SUL, um dos Poderes da Republica Democr\u00e1tica do Brasil e do Munic\u00edpio, atrav\u00e9s de sua Presidente, Vereadora Sra. S\u00f4nia Maran, vem a publico externar seu repudio ao ato da Secretaria de Sa\u00fade do Munic\u00edpio de Chapad\u00e3o do Sul, que por meio de uma denuncia caluniosa [&hellip;]<\/p>\n","protected":false},"author":4,"featured_media":6765,"comment_status":"closed","ping_status":"closed","sticky":false,"template":"","format":"standard","meta":{"footnotes":""},"categories":[20],"tags":[],"class_list":["post-9357","post","type-post","status-publish","format-standard","has-post-thumbnail","hentry","category-camara-municipal"],"_links":{"self":[{"href":"https:\/\/www.ocorreionews.com.br\/acervo-correio\/index.php?rest_route=\/wp\/v2\/posts\/9357","targetHints":{"allow":["GET"]}}],"collection":[{"href":"https:\/\/www.ocorreionews.com.br\/acervo-correio\/index.php?rest_route=\/wp\/v2\/posts"}],"about":[{"href":"https:\/\/www.ocorreionews.com.br\/acervo-correio\/index.php?rest_route=\/wp\/v2\/types\/post"}],"author":[{"embeddable":true,"href":"https:\/\/www.ocorreionews.com.br\/acervo-correio\/index.php?rest_route=\/wp\/v2\/users\/4"}],"replies":[{"embeddable":true,"href":"https:\/\/www.ocorreionews.com.br\/acervo-correio\/index.php?rest_route=%2Fwp%2Fv2%2Fcomments&post=9357"}],"version-history":[{"count":0,"href":"https:\/\/www.ocorreionews.com.br\/acervo-correio\/index.php?rest_route=\/wp\/v2\/posts\/9357\/revisions"}],"wp:featuredmedia":[{"embeddable":true,"href":"https:\/\/www.ocorreionews.com.br\/acervo-correio\/index.php?rest_route=\/wp\/v2\/media\/6765"}],"wp:attachment":[{"href":"https:\/\/www.ocorreionews.com.br\/acervo-correio\/index.php?rest_route=%2Fwp%2Fv2%2Fmedia&parent=9357"}],"wp:term":[{"taxonomy":"category","embeddable":true,"href":"https:\/\/www.ocorreionews.com.br\/acervo-correio\/index.php?rest_route=%2Fwp%2Fv2%2Fcategories&post=9357"},{"taxonomy":"post_tag","embeddable":true,"href":"https:\/\/www.ocorreionews.com.br\/acervo-correio\/index.php?rest_route=%2Fwp%2Fv2%2Ftags&post=9357"}],"curies":[{"name":"wp","href":"https:\/\/api.w.org\/{rel}","templated":true}]}}