{"id":9363,"date":"2015-09-03T10:28:55","date_gmt":"2015-09-03T14:28:55","guid":{"rendered":"https:\/\/ocorreionews.com.br\/?p=9363"},"modified":"2015-09-03T10:28:55","modified_gmt":"2015-09-03T14:28:55","slug":"prefeitura-de-sao-de-gabriel-do-oeste-abre-concurso-publico","status":"publish","type":"post","link":"https:\/\/www.ocorreionews.com.br\/acervo-correio\/?p=9363","title":{"rendered":"Prefeitura de S\u00e3o de Gabriel do Oeste abre concurso publico"},"content":{"rendered":"<p>A Prefeitura de S\u00e3o Gabriel do Oeste por meio da Secretaria de Sa\u00fade iniciou na ultima ter\u00e7a-feira (01) as inscri\u00e7\u00f5es para o concurso p\u00fablico de provas e t\u00edtulos para o quadro de pessoal da Prefeitura. As inscri\u00e7\u00f5es que seguem at\u00e9 06 de outubro s\u00f3 podem ser realizadas pela internet no site da Funda\u00e7\u00e3o de Apoio \u00e0 Pesquisa, ao Ensino e \u00e0 Cultura (FAPEC).<\/p>\n<p>O edital j\u00e1 foi publicado no Di\u00e1rio Oficial dos Munic\u00edpios e tamb\u00e9m est\u00e1 dispon\u00edvel no site da Prefeitura Municipal. Segundo a publica\u00e7\u00e3o, s\u00e3o 79 vagas dispon\u00edveis, mais cadastro de reserva, distribu\u00eddas entre os n\u00edveis de escolaridade de n\u00edvel superior, m\u00e9dio e fundamental. Confira o edital no link abaixo:<\/p>\n<p><a href=\"http:\/\/www.saogabriel.ms.gov.br\/admin\/arquivos\/1441032067.pdf\">Clique aqui<\/a><\/p>\n<p><strong>Dos cargos\u00a0<\/strong><\/p>\n<p>N\u00edvel superior: Engenheiro de Alimentos, Farmac\u00eautico-Bioqu\u00edmico, Fisioterapeuta, M\u00e9dico nas especialidades de Neurologista, Ginecologista\/Obstetra, Ortopedista, Anestesista, Plantonista, Psiquiatra e PSF, Odont\u00f3logo e Psic\u00f3logo.<\/p>\n<p>N\u00edvel m\u00e9dio: Atendente Administrativo, T\u00e9cnico de Enfermagem, T\u00e9cnico\/Instrutor de Inform\u00e1tica;<\/p>\n<p>N\u00edvel fundamental: Agente Comunit\u00e1rio de Sa\u00fade, Auxiliar de Consult\u00f3rio Dent\u00e1rio, Motorista de Ambul\u00e2ncia e Cozinheiro.<\/p>\n<p>&nbsp;<\/p>\n<p>Mais informa\u00e7\u00f5es na Secretaria de Sa\u00fade no telefone 3295-2456<\/p>\n<p>&nbsp;<\/p>\n<p><strong>Fonte: Assessoria de Comunica\u00e7\u00e3o<\/strong><\/p>\n","protected":false},"excerpt":{"rendered":"<p>A Prefeitura de S\u00e3o Gabriel do Oeste por meio da Secretaria de Sa\u00fade iniciou na ultima ter\u00e7a-feira (01) as inscri\u00e7\u00f5es para o concurso p\u00fablico de provas e t\u00edtulos para o quadro de pessoal da Prefeitura. As inscri\u00e7\u00f5es que seguem at\u00e9 06 de outubro s\u00f3 podem ser realizadas pela internet no site da Funda\u00e7\u00e3o de Apoio [&hellip;]<\/p>\n","protected":false},"author":4,"featured_media":9366,"comment_status":"closed","ping_status":"closed","sticky":false,"template":"","format":"standard","meta":{"footnotes":""},"categories":[31],"tags":[],"class_list":["post-9363","post","type-post","status-publish","format-standard","has-post-thumbnail","hentry","category-geral"],"_links":{"self":[{"href":"https:\/\/www.ocorreionews.com.br\/acervo-correio\/index.php?rest_route=\/wp\/v2\/posts\/9363","targetHints":{"allow":["GET"]}}],"collection":[{"href":"https:\/\/www.ocorreionews.com.br\/acervo-correio\/index.php?rest_route=\/wp\/v2\/posts"}],"about":[{"href":"https:\/\/www.ocorreionews.com.br\/acervo-correio\/index.php?rest_route=\/wp\/v2\/types\/post"}],"author":[{"embeddable":true,"href":"https:\/\/www.ocorreionews.com.br\/acervo-correio\/index.php?rest_route=\/wp\/v2\/users\/4"}],"replies":[{"embeddable":true,"href":"https:\/\/www.ocorreionews.com.br\/acervo-correio\/index.php?rest_route=%2Fwp%2Fv2%2Fcomments&post=9363"}],"version-history":[{"count":0,"href":"https:\/\/www.ocorreionews.com.br\/acervo-correio\/index.php?rest_route=\/wp\/v2\/posts\/9363\/revisions"}],"wp:featuredmedia":[{"embeddable":true,"href":"https:\/\/www.ocorreionews.com.br\/acervo-correio\/index.php?rest_route=\/wp\/v2\/media\/9366"}],"wp:attachment":[{"href":"https:\/\/www.ocorreionews.com.br\/acervo-correio\/index.php?rest_route=%2Fwp%2Fv2%2Fmedia&parent=9363"}],"wp:term":[{"taxonomy":"category","embeddable":true,"href":"https:\/\/www.ocorreionews.com.br\/acervo-correio\/index.php?rest_route=%2Fwp%2Fv2%2Fcategories&post=9363"},{"taxonomy":"post_tag","embeddable":true,"href":"https:\/\/www.ocorreionews.com.br\/acervo-correio\/index.php?rest_route=%2Fwp%2Fv2%2Ftags&post=9363"}],"curies":[{"name":"wp","href":"https:\/\/api.w.org\/{rel}","templated":true}]}}