{"id":9370,"date":"2015-09-03T10:33:57","date_gmt":"2015-09-03T14:33:57","guid":{"rendered":"https:\/\/ocorreionews.com.br\/?p=9370"},"modified":"2015-09-03T10:33:57","modified_gmt":"2015-09-03T14:33:57","slug":"policia-investiga-bebe-internado-com-fraturas-na-costela-e-lesoes-em-costa-rica","status":"publish","type":"post","link":"https:\/\/www.ocorreionews.com.br\/acervo-correio\/?p=9370","title":{"rendered":"Pol\u00edcia investiga beb\u00ea internado com fraturas na costela e les\u00f5es em Costa Rica"},"content":{"rendered":"<p>A Pol\u00edcia Civil de Costa Rica (MS) &#8211; investiga o caso de um beb\u00ea de um m\u00eas e quinze dias que deu entrada na Funda\u00e7\u00e3o Hospitalar, na madrugada desta quarta-feira (02), com sete costelas fraturadas, v\u00e1rias les\u00f5es e hematomas no abdom\u00ean.<\/p>\n<p>Segundo informa\u00e7\u00f5es do Eu Conto Tudo, a m\u00e3e da crian\u00e7a, N.C.S., 27 anos, disse que estava fazenda massagens na barriga da crian\u00e7a para aliviar as c\u00f3licas, mas afirma que n\u00e3o fraturou as costelas do menino. Uma testemunha contou que advertiu a mulher sobre a forma que ela estava conduzindo a massagem de maneira muito abrupta e orientou a mulher a tomar mais cuidado.<\/p>\n<p>A m\u00e3e da vitima e testemunhas foram ouvidas pela pol\u00edcia. A crian\u00e7a passou por exame de corpo de delito onde constataram as les\u00f5es e fraturas.<\/p>\n<p>A crian\u00e7a encontra-se internada na Funda\u00e7\u00e3o Hospitalar de Costa Rica sem previs\u00e3o de alta e tamb\u00e9m apresenta quadro clinico de pneumonia.<\/p>\n<p>&nbsp;<\/p>\n<p>&nbsp;<\/p>\n<p>Correio do Estado<\/p>\n","protected":false},"excerpt":{"rendered":"<p>A Pol\u00edcia Civil de Costa Rica (MS) &#8211; investiga o caso de um beb\u00ea de um m\u00eas e quinze dias que deu entrada na Funda\u00e7\u00e3o Hospitalar, na madrugada desta quarta-feira (02), com sete costelas fraturadas, v\u00e1rias les\u00f5es e hematomas no abdom\u00ean. Segundo informa\u00e7\u00f5es do Eu Conto Tudo, a m\u00e3e da crian\u00e7a, N.C.S., 27 anos, disse [&hellip;]<\/p>\n","protected":false},"author":4,"featured_media":9371,"comment_status":"closed","ping_status":"closed","sticky":false,"template":"","format":"standard","meta":{"footnotes":""},"categories":[25,38],"tags":[],"class_list":["post-9370","post","type-post","status-publish","format-standard","has-post-thumbnail","hentry","category-costa-rica","category-policia"],"_links":{"self":[{"href":"https:\/\/www.ocorreionews.com.br\/acervo-correio\/index.php?rest_route=\/wp\/v2\/posts\/9370","targetHints":{"allow":["GET"]}}],"collection":[{"href":"https:\/\/www.ocorreionews.com.br\/acervo-correio\/index.php?rest_route=\/wp\/v2\/posts"}],"about":[{"href":"https:\/\/www.ocorreionews.com.br\/acervo-correio\/index.php?rest_route=\/wp\/v2\/types\/post"}],"author":[{"embeddable":true,"href":"https:\/\/www.ocorreionews.com.br\/acervo-correio\/index.php?rest_route=\/wp\/v2\/users\/4"}],"replies":[{"embeddable":true,"href":"https:\/\/www.ocorreionews.com.br\/acervo-correio\/index.php?rest_route=%2Fwp%2Fv2%2Fcomments&post=9370"}],"version-history":[{"count":0,"href":"https:\/\/www.ocorreionews.com.br\/acervo-correio\/index.php?rest_route=\/wp\/v2\/posts\/9370\/revisions"}],"wp:featuredmedia":[{"embeddable":true,"href":"https:\/\/www.ocorreionews.com.br\/acervo-correio\/index.php?rest_route=\/wp\/v2\/media\/9371"}],"wp:attachment":[{"href":"https:\/\/www.ocorreionews.com.br\/acervo-correio\/index.php?rest_route=%2Fwp%2Fv2%2Fmedia&parent=9370"}],"wp:term":[{"taxonomy":"category","embeddable":true,"href":"https:\/\/www.ocorreionews.com.br\/acervo-correio\/index.php?rest_route=%2Fwp%2Fv2%2Fcategories&post=9370"},{"taxonomy":"post_tag","embeddable":true,"href":"https:\/\/www.ocorreionews.com.br\/acervo-correio\/index.php?rest_route=%2Fwp%2Fv2%2Ftags&post=9370"}],"curies":[{"name":"wp","href":"https:\/\/api.w.org\/{rel}","templated":true}]}}