{"id":9389,"date":"2015-09-03T14:52:39","date_gmt":"2015-09-03T18:52:39","guid":{"rendered":"https:\/\/ocorreionews.com.br\/?p=9389"},"modified":"2015-09-03T14:52:39","modified_gmt":"2015-09-03T18:52:39","slug":"prefeito-de-guia-lopes-apoia-reducao-de-salarios-mas-quer-medida-valendo-ainda-esse-ano","status":"publish","type":"post","link":"https:\/\/www.ocorreionews.com.br\/acervo-correio\/?p=9389","title":{"rendered":"Prefeito de Guia Lopes apoia redu\u00e7\u00e3o de sal\u00e1rios, mas quer medida valendo ainda esse ano"},"content":{"rendered":"<div class=\"bloco_texto_span\">\n<p>O prefeito de Guia Lopes da Laguna, J\u00e1como Dagostin (PMDB), cidade a 227 quil\u00f4metros de Campo Grande, garantiu que vai aprovar o projeto de lei que reduz os sal\u00e1rios de prefeito, vice-prefeito, parlamentares e secret\u00e1rios do munic\u00edpio.<\/p>\n<p>A proposta foi aprovada por 6 dos 9 dos vereadores e tem o objetivo de moralizar a pol\u00edtica local e economizar recursos para o munic\u00edpio. O sal\u00e1rio de vereador ter\u00e1 redu\u00e7\u00e3o de 75%, de R$ 4 mil para R$ 980.<\/p>\n<p>No entanto, o prefeito acredita que a mudan\u00e7a deve passar a vigorar o quanto antes, de prefer\u00eancia, a partir do pr\u00f3ximo m\u00eas, e n\u00e3o apenas a partir da pr\u00f3xima legislatura, como querem os vereadores.<\/p>\n<p>&#8220;Eles tinham que fazer isso pra valer pra agora, a situa\u00e7\u00e3o est\u00e1 cr\u00edtica (para os cofres p\u00fablicos) agora. \u00c9 f\u00e1cil votar uma decis\u00e3o que vai valer s\u00f3 l\u00e1 na frente. Eu concordo com o projeto, mas quero que ele comece a valer a partir desse ano&#8221;, defende o prefeito.<\/p>\n<p>Ele afirma que ainda n\u00e3o recebei o projeto para an\u00e1lise, mas quer a aprova\u00e7\u00e3o da ideia. &#8220;Vou buscar uma mudan\u00e7a no projeto por causa disso, vou conversar com os vereadores. Mas, independente disso, vou sancionar, sim. S\u00f3 n\u00e3o acho justo deixar isso valer l\u00e1 na frente, estamos vivendo a crise j\u00e1, n\u00e3o d\u00e1 pra fazer politicagem em cima disso&#8221;, afirma.<\/p>\n<p>Se aprovada, a medida reduzir\u00e1 o sal\u00e1rio do prefeito de R$ 16 mil para R$ 5 mil, o de vice-prefeito cair\u00e1 de R$ 8 mil para R$ 980 e, dos vereadores, de R$ 4 mil para R$ 980. O sal\u00e1rio dos secret\u00e1rios passar\u00e1 a ser de R$ 3 mil, ao inv\u00e9s dos atuais R$ 6 mil.<\/p>\n<\/div>\n<p>Campo Grande News<\/p>\n","protected":false},"excerpt":{"rendered":"<p>O prefeito de Guia Lopes da Laguna, J\u00e1como Dagostin (PMDB), cidade a 227 quil\u00f4metros de Campo Grande, garantiu que vai aprovar o projeto de lei que reduz os sal\u00e1rios de prefeito, vice-prefeito, parlamentares e secret\u00e1rios do munic\u00edpio. A proposta foi aprovada por 6 dos 9 dos vereadores e tem o objetivo de moralizar a pol\u00edtica [&hellip;]<\/p>\n","protected":false},"author":4,"featured_media":9390,"comment_status":"closed","ping_status":"closed","sticky":false,"template":"","format":"standard","meta":{"footnotes":""},"categories":[37],"tags":[],"class_list":["post-9389","post","type-post","status-publish","format-standard","has-post-thumbnail","hentry","category-politica"],"_links":{"self":[{"href":"https:\/\/www.ocorreionews.com.br\/acervo-correio\/index.php?rest_route=\/wp\/v2\/posts\/9389","targetHints":{"allow":["GET"]}}],"collection":[{"href":"https:\/\/www.ocorreionews.com.br\/acervo-correio\/index.php?rest_route=\/wp\/v2\/posts"}],"about":[{"href":"https:\/\/www.ocorreionews.com.br\/acervo-correio\/index.php?rest_route=\/wp\/v2\/types\/post"}],"author":[{"embeddable":true,"href":"https:\/\/www.ocorreionews.com.br\/acervo-correio\/index.php?rest_route=\/wp\/v2\/users\/4"}],"replies":[{"embeddable":true,"href":"https:\/\/www.ocorreionews.com.br\/acervo-correio\/index.php?rest_route=%2Fwp%2Fv2%2Fcomments&post=9389"}],"version-history":[{"count":0,"href":"https:\/\/www.ocorreionews.com.br\/acervo-correio\/index.php?rest_route=\/wp\/v2\/posts\/9389\/revisions"}],"wp:featuredmedia":[{"embeddable":true,"href":"https:\/\/www.ocorreionews.com.br\/acervo-correio\/index.php?rest_route=\/wp\/v2\/media\/9390"}],"wp:attachment":[{"href":"https:\/\/www.ocorreionews.com.br\/acervo-correio\/index.php?rest_route=%2Fwp%2Fv2%2Fmedia&parent=9389"}],"wp:term":[{"taxonomy":"category","embeddable":true,"href":"https:\/\/www.ocorreionews.com.br\/acervo-correio\/index.php?rest_route=%2Fwp%2Fv2%2Fcategories&post=9389"},{"taxonomy":"post_tag","embeddable":true,"href":"https:\/\/www.ocorreionews.com.br\/acervo-correio\/index.php?rest_route=%2Fwp%2Fv2%2Ftags&post=9389"}],"curies":[{"name":"wp","href":"https:\/\/api.w.org\/{rel}","templated":true}]}}