{"id":939,"date":"2015-05-07T13:26:33","date_gmt":"2015-05-07T17:26:33","guid":{"rendered":"https:\/\/ocorreionews.com.br\/?p=939"},"modified":"2018-08-20T22:34:12","modified_gmt":"2018-08-21T02:34:12","slug":"tv-futura-exibe-nesta-segunda-reportagem-sobre-chapadao-do-ceu","status":"publish","type":"post","link":"https:\/\/www.ocorreionews.com.br\/acervo-correio\/?p=939","title":{"rendered":"TV Futura exibe nesta segunda reportagem sobre Chapad\u00e3o do C\u00e9u."},"content":{"rendered":"<p style=\"text-align: justify;\">Nesta segunda-feira dia 11, Chapad\u00e3o do C\u00e9u ser\u00e1 destaque na TV Futura \u2013 Canal 15 da parab\u00f3lica, as 20 horas com a apresenta\u00e7\u00e3o de um programa gravado com o cotidiano da vida escolar de um aluno e professores, da Escola Municipal Flores do Cerrado.<\/p>\n<p style=\"text-align: justify;\">A Secretaria de Educa\u00e7\u00e3o convida a todos os mun\u00edcipes para sintonizarem seus aparelhos de TV no Canal 15.<\/p>\n<p style=\"text-align: justify;\">Quem n\u00e3o tiver acesso via parab\u00f3lica, est\u00e1 convidado para assistir o programa no audit\u00f3rio da C\u00e2mara Municipal.<\/p>\n<p style=\"text-align: justify;\">\n<p style=\"text-align: justify;\"><strong>Destino: Educa\u00e7\u00e3o Brasil &#8211; Diferentes realidades, diferentes respostas<\/strong>&#8220;<\/p>\n<p style=\"text-align: justify;\">O canal Futura, da Funda\u00e7\u00e3o Roberto Marinho, visitou 26 munic\u00edpios brasileiros para conhecer a realidade de educadores, estudantes e fam\u00edlias que, mesmo em condi\u00e7\u00f5es adversas, conseguem fazer com que as escolas alcancem um bom desempenho nas avalia\u00e7\u00f5es educacionais. O trabalho resultou na s\u00e9rie \u201cDestino: Educa\u00e7\u00e3o Brasil \u2013 Diferentes realidades. Diferentes respostas.\u201d. Distribu\u00eddos pelas cinco regi\u00f5es do Pa\u00eds, os munic\u00edpios foram selecionados com base na evolu\u00e7\u00e3o do \u00cdndice de Desenvolvimento da Educa\u00e7\u00e3o B\u00e1sica (Ideb) nas \u00faltimas tr\u00eas edi\u00e7\u00f5es e na redu\u00e7\u00e3o da desigualdade educacional na cidade. Tendo como fio condutor a rotina escolar de um estudante e alguns de seus professores, os epis\u00f3dios procuram traduzir os resultados alcan\u00e7ados pelas pol\u00edticas p\u00fablicas de Educa\u00e7\u00e3o em cada localidade.<\/p>\n<p style=\"text-align: justify;\">A maratona da equipe de produ\u00e7\u00e3o percorreu cerca de 40 mil quil\u00f4metros ouvindo gestores, professores, estudantes e familiares. E conta tamb\u00e9m com a an\u00e1lise de alguns especialistas em Educa\u00e7\u00e3o sobre as principais pol\u00edticas p\u00fablicas de Educa\u00e7\u00e3o em curso no Pa\u00eds. A inten\u00e7\u00e3o do programa n\u00e3o \u00e9 buscar f\u00f3rmulas prontas ou modelos a seguir, mas provocar a reflex\u00e3o e apontar alternativas. A s\u00e9rie est\u00e1 dividida em 26 epis\u00f3dios em forma de document\u00e1rio, cada qual dedicado a um munic\u00edpio.<\/p>\n<p style=\"text-align: justify;\">A realiza\u00e7\u00e3o \u00e9 do Canal Futura em parceria com o Servi\u00e7o Social da Ind\u00fastria (SESI) e contou com consultoria do Todos Pela Educa\u00e7\u00e3o na sele\u00e7\u00e3o dos munic\u00edpios; a produ\u00e7\u00e3o foi feita pela produtora Cine Group. O programa ir\u00e1 ao ar semanalmente, todas as segundas-feiras, \u00e0s 20h, com reprise \u00e0s quintas-feiras, \u00e0s 23hrs.\u00a0De acordo com Alejandra Velasco, coordenadora geral do movimento, \u201cos document\u00e1rios buscam dar visibilidade para experi\u00eancias de aprendizagem que t\u00eam dado certo pelo pa\u00eds e buscar nelas inspira\u00e7\u00e3o para que educadores, gestores e professores e a sociedade continue buscando a melhoria da Educa\u00e7\u00e3o no Brasil, respeitando as particularidades de cada sistema escolar e regi\u00e3o\u201d.<\/p>\n","protected":false},"excerpt":{"rendered":"<p>Nesta segunda-feira dia 11, Chapad\u00e3o do C\u00e9u ser\u00e1 destaque na TV Futura \u2013 Canal 15 da parab\u00f3lica, as 20 horas com a apresenta\u00e7\u00e3o de um programa gravado com o cotidiano da vida escolar de um aluno e professores, da Escola Municipal Flores do Cerrado. A Secretaria de Educa\u00e7\u00e3o convida a todos os mun\u00edcipes para sintonizarem [&hellip;]<\/p>\n","protected":false},"author":4,"featured_media":952,"comment_status":"closed","ping_status":"closed","sticky":false,"template":"","format":"standard","meta":{"footnotes":""},"categories":[22],"tags":[],"class_list":["post-939","post","type-post","status-publish","format-standard","has-post-thumbnail","hentry","category-chapadao-do-ceu"],"_links":{"self":[{"href":"https:\/\/www.ocorreionews.com.br\/acervo-correio\/index.php?rest_route=\/wp\/v2\/posts\/939","targetHints":{"allow":["GET"]}}],"collection":[{"href":"https:\/\/www.ocorreionews.com.br\/acervo-correio\/index.php?rest_route=\/wp\/v2\/posts"}],"about":[{"href":"https:\/\/www.ocorreionews.com.br\/acervo-correio\/index.php?rest_route=\/wp\/v2\/types\/post"}],"author":[{"embeddable":true,"href":"https:\/\/www.ocorreionews.com.br\/acervo-correio\/index.php?rest_route=\/wp\/v2\/users\/4"}],"replies":[{"embeddable":true,"href":"https:\/\/www.ocorreionews.com.br\/acervo-correio\/index.php?rest_route=%2Fwp%2Fv2%2Fcomments&post=939"}],"version-history":[{"count":0,"href":"https:\/\/www.ocorreionews.com.br\/acervo-correio\/index.php?rest_route=\/wp\/v2\/posts\/939\/revisions"}],"wp:featuredmedia":[{"embeddable":true,"href":"https:\/\/www.ocorreionews.com.br\/acervo-correio\/index.php?rest_route=\/wp\/v2\/media\/952"}],"wp:attachment":[{"href":"https:\/\/www.ocorreionews.com.br\/acervo-correio\/index.php?rest_route=%2Fwp%2Fv2%2Fmedia&parent=939"}],"wp:term":[{"taxonomy":"category","embeddable":true,"href":"https:\/\/www.ocorreionews.com.br\/acervo-correio\/index.php?rest_route=%2Fwp%2Fv2%2Fcategories&post=939"},{"taxonomy":"post_tag","embeddable":true,"href":"https:\/\/www.ocorreionews.com.br\/acervo-correio\/index.php?rest_route=%2Fwp%2Fv2%2Ftags&post=939"}],"curies":[{"name":"wp","href":"https:\/\/api.w.org\/{rel}","templated":true}]}}